{"id":10233,"date":"2025-06-13T07:55:31","date_gmt":"2025-06-13T07:55:31","guid":{"rendered":"https:\/\/www.btaytd.org\/web\/?p=10233"},"modified":"2025-06-13T07:55:37","modified_gmt":"2025-06-13T07:55:37","slug":"gumulcine-celal-bayar-azinlik-ortaokuluna-%ce%baayitlar-devam-ediyor","status":"publish","type":"post","link":"https:\/\/www.btaytd.org\/web\/tr\/gumulcine-celal-bayar-azinlik-ortaokuluna-%ce%baayitlar-devam-ediyor\/","title":{"rendered":"G\u00fcm\u00fclcine Celal Bayar Az\u0131nl\u0131k Ortaokuluna \u039aay\u0131tlar Devam Ediyor"},"content":{"rendered":"\n<p>10 Haziran Sal\u0131 g\u00fcn\u00fc ba\u015flayan kay\u0131tlar, 20 Haziran Cuma g\u00fcn\u00fc sona erecek. Hafta i\u00e7i her g\u00fcn saat 09.00 ile 13.00 aras\u0131nda yap\u0131lacak kay\u0131t i\u015flemleri i\u00e7in \u00f6\u011frencilerin vesikal\u0131k foto\u011fraf\u0131, velinin kimlik kart\u0131 ve \u00f6\u011frencinin kimli\u011fi gerekiyor. G\u00fcm\u00fclcine Celal Bayar Az\u0131nl\u0131k Ortaokulu &#8211; Lisesi Enc\u00fcmen Heyetinin konuyla ilgili a\u00e7\u0131klamas\u0131 \u015f\u00f6yle:<\/p>\n\n\n\n<p><a><\/a>&#8221;G\u00fcm\u00fclcine Celal Bayar Az\u0131nl\u0131k Ortaokulu 1. s\u0131n\u0131f\u0131na \u00e7ocuklar\u0131n\u0131<\/p>\n\n\n\n<p>kaydettirmek isteyen velilerin 10 Haziran Sal\u0131 &#8211; 20 Haziran Cuma<\/p>\n\n\n\n<p>tarihleri aras\u0131nda okulumuza kimlikleriyle ba\u015fvurup gerekli ba\u015fvuru<\/p>\n\n\n\n<p>formunu doldurmalar\u0131 gerekmektedir.<\/p>\n\n\n\n<p>Gerekli hassasiyetin g\u00f6sterilmesini sayg\u0131yla arz ederiz&#8221;.<\/p>\n\n\n\n<p>Kay\u0131tlar 9.00 &#8211; 13.00 saatleri aras\u0131nda kabul edilecektir.<\/p>\n\n\n\n<p>Gerekli olan belgeler<\/p>\n\n\n\n<p>1-Anne ve baba kimli\u011fi.<\/p>\n\n\n\n<p>2- \u00c7ocu\u011fun isminin do\u011fru bir \u015fekilde yaz\u0131l\u0131 oldu\u011fu resmi bir belge.<\/p>\n\n\n\n<p>3- Bir (1) adet vesikal\u0131k foto\u011fraf.<\/p>\n\n\n\n<p>4- 50\u20ac kay\u0131t \u00fccreti.<\/p>\n\n\n\n<p>Detayl\u0131 bilgi i\u00e7in<\/p>\n\n\n\n<figure class=\"wp-block-gallery has-nested-images columns-default is-cropped wp-block-gallery-1 is-layout-flex wp-block-gallery-is-layout-flex\">\n<figure class=\"wp-block-image size-large\"><img loading=\"lazy\" decoding=\"async\" width=\"800\" height=\"450\" data-id=\"10234\" src=\"https:\/\/www.btaytd.org\/web\/wp-content\/uploads\/2025\/06\/iGzK3OXvG5d9Ro3FXf86l2VB6YtintYOrcKJ6zKL.jpg\" alt=\"\" class=\"wp-image-10234\" srcset=\"https:\/\/www.btaytd.org\/web\/wp-content\/uploads\/2025\/06\/iGzK3OXvG5d9Ro3FXf86l2VB6YtintYOrcKJ6zKL.jpg 800w, https:\/\/www.btaytd.org\/web\/wp-content\/uploads\/2025\/06\/iGzK3OXvG5d9Ro3FXf86l2VB6YtintYOrcKJ6zKL-300x169.jpg 300w, https:\/\/www.btaytd.org\/web\/wp-content\/uploads\/2025\/06\/iGzK3OXvG5d9Ro3FXf86l2VB6YtintYOrcKJ6zKL-768x432.jpg 768w\" sizes=\"(max-width: 800px) 100vw, 800px\" \/><\/figure>\n<\/figure>\n\n\n\n<p>697 376 1993 Fuhat Perende<\/p>\n\n\n\n<p>697 608 4732 Mehmet Emin Ahmet<\/p>\n\n\n\n<p>697 477 1373 \u015e\u00fckt\u00fc Hac\u0131<\/p>\n","protected":false},"excerpt":{"rendered":"<p>10 Haziran Sal\u0131 g\u00fcn\u00fc ba\u015flayan kay\u0131tlar, 20 Haziran Cuma g\u00fcn\u00fc sona erecek. Hafta i\u00e7i her g\u00fcn saat 09.00 ile 13.00 aras\u0131nda yap\u0131lacak kay\u0131t i\u015flemleri i\u00e7in \u00f6\u011frencilerin vesikal\u0131k foto\u011fraf\u0131, velinin kimlik kart\u0131 ve \u00f6\u011frencinin kimli\u011fi gerekiyor. G\u00fcm\u00fclcine Celal Bayar Az\u0131nl\u0131k Ortaokulu &#8211; Lisesi Enc\u00fcmen Heyetinin konuyla ilgili a\u00e7\u0131klamas\u0131 \u015f\u00f6yle: &#8221;G\u00fcm\u00fclcine Celal Bayar Az\u0131nl\u0131k Ortaokulu 1. s\u0131n\u0131f\u0131na<\/p>\n<div class=\"read-more\"><a href=\"https:\/\/www.btaytd.org\/web\/tr\/gumulcine-celal-bayar-azinlik-ortaokuluna-%ce%baayitlar-devam-ediyor\/\" title=\"Read More\">Read More<\/a><\/div>\n","protected":false},"author":8,"featured_media":10234,"comment_status":"closed","ping_status":"closed","sticky":false,"template":"","format":"standard","meta":{"footnotes":""},"categories":[15,94],"tags":[],"class_list":{"0":"post-10233","1":"post","2":"type-post","3":"status-publish","4":"format-standard","5":"has-post-thumbnail","7":"category-duyurular","8":"category-fotograflar"},"_links":{"self":[{"href":"https:\/\/www.btaytd.org\/web\/wp-json\/wp\/v2\/posts\/10233"}],"collection":[{"href":"https:\/\/www.btaytd.org\/web\/wp-json\/wp\/v2\/posts"}],"about":[{"href":"https:\/\/www.btaytd.org\/web\/wp-json\/wp\/v2\/types\/post"}],"author":[{"embeddable":true,"href":"https:\/\/www.btaytd.org\/web\/wp-json\/wp\/v2\/users\/8"}],"replies":[{"embeddable":true,"href":"https:\/\/www.btaytd.org\/web\/wp-json\/wp\/v2\/comments?post=10233"}],"version-history":[{"count":1,"href":"https:\/\/www.btaytd.org\/web\/wp-json\/wp\/v2\/posts\/10233\/revisions"}],"predecessor-version":[{"id":10235,"href":"https:\/\/www.btaytd.org\/web\/wp-json\/wp\/v2\/posts\/10233\/revisions\/10235"}],"wp:featuredmedia":[{"embeddable":true,"href":"https:\/\/www.btaytd.org\/web\/wp-json\/wp\/v2\/media\/10234"}],"wp:attachment":[{"href":"https:\/\/www.btaytd.org\/web\/wp-json\/wp\/v2\/media?parent=10233"}],"wp:term":[{"taxonomy":"category","embeddable":true,"href":"https:\/\/www.btaytd.org\/web\/wp-json\/wp\/v2\/categories?post=10233"},{"taxonomy":"post_tag","embeddable":true,"href":"https:\/\/www.btaytd.org\/web\/wp-json\/wp\/v2\/tags?post=10233"}],"curies":[{"name":"wp","href":"https:\/\/api.w.org\/{rel}","templated":true}]}}