{"id":10877,"date":"2025-09-13T21:30:09","date_gmt":"2025-09-13T21:30:09","guid":{"rendered":"https:\/\/www.btaytd.org\/web\/?p=10877"},"modified":"2025-09-13T21:30:22","modified_gmt":"2025-09-13T21:30:22","slug":"pusula-dergisi-agustos-2025-sayisi-egitim","status":"publish","type":"post","link":"https:\/\/www.btaytd.org\/web\/tr\/pusula-dergisi-agustos-2025-sayisi-egitim\/","title":{"rendered":"PUSULA DERG\u0130S\u0130 A\u011eUSTOS 2025 SAYISI- E\u011e\u0130T\u0130M"},"content":{"rendered":"\n<p><strong>E\u011e\u0130T\u0130MLE GELEN A\u0130D\u0130YET DUYGUSU<\/strong><strong><\/strong><\/p>\n\n\n\n<p><br>E\u011fitim, bir \u00e7ocu\u011fun g\u00f6zlerindeki merakla ba\u015flar; bir soruyla, bir hayalle, bir \u00f6\u011fretmenin i\u00e7ten g\u00fcl\u00fcmsemesiyle \u015fekillenir; \u00f6\u011fretim olur.<br>Bilgi \u00f6\u011fretmek elbette k\u0131ymetlidir, ama e\u011fitim dedi\u011fimiz \u015fey yaln\u0131zca sayfalar dolusu bilgi de\u011fildir. Bireyin kendini tan\u0131ma, hayata tutunma ve bir yere ait oldu\u011funu hissetme s\u00fcrecidir. Bu nedenle e\u011fitim, sadece akl\u0131 de\u011fil, duygular\u0131 da\u00a0 beslemelidir.<br>Aidiyet duygusu i\u015fte tam burada ba\u015flar. Bir \u00e7ocu\u011fun sabah uyand\u0131\u011f\u0131nda severek gitti\u011fi birokul, isminin s\u00f6ylenmesindeki s\u0131cakl\u0131k, bir arkada\u015f\u0131n\u0131n duda\u011f\u0131ndaki g\u00fcl\u00fcmseme\u2026 Bunlar\u0131n hepsi, \u201cBen buraya aitim\u201d diyebilmesini sa\u011flar. \u00d6zellikle \u00e7ocukluk ve ergenlik d\u00f6nemlerinde ait olma duygusu, bir \u00e7ocu\u011fun kimli\u011fini belirlemesine yard\u0131mc\u0131 olur. Kendini bir yere ait hisseden bir \u00e7ocuk; \u00f6\u011frenmeye daha a\u00e7\u0131k olur, cesurca hayaller kurar, kendine daha \u00e7ok inan\u0131r ve \u00e7evresine daha \u00e7ok g\u00fcvenir.<br>S\u0131n\u0131flar sadece d\u00f6rt duvardan ibaret ve kitaplardaki bilgilerin \u00e7ocuklara aktar\u0131ld\u0131\u011f\u0131 alanlar de\u011fildir. Orada payla\u015f\u0131lan her \u015fey \u00e7ocuklar\u0131n i\u00e7 d\u00fcnyas\u0131nda derin izler b\u0131rak\u0131r. E\u011fe bu izler g\u00fcvenle, sevgiyle doluysa; o \u00e7ocuk sadece iyi bir \u00f6\u011frenci de\u011fil, g\u00fc\u00e7l\u00fc bir birey olarak da yeti\u015fir.<br>Aidiyet duygusunun olmad\u0131\u011f\u0131 bir ortamda \u00e7ocukyaln\u0131zla\u015f\u0131r. Dersler yabanc\u0131la\u015f\u0131r, \u00f6\u011fretmenler uzakla\u015f\u0131r, arkada\u015fl\u0131klar y\u00fczeyselle\u015fir. Oysa her \u00e7ocu\u011fun en temel ihtiyac\u0131, biryerde de\u011ferli ve \u00f6nemli oldu\u011funu hissetmektir. Sadece notlar\u0131yla de\u011fil, varl\u0131\u011f\u0131yla, kimli\u011fiyle kabul g\u00f6rmektir.<br>E\u011fitim kurumlar\u0131n\u0131n en \u00f6nemli g\u00f6revi, i\u015fte bu hissi in\u015fa etmektir. Her \u00f6\u011frenci i\u00e7in bir yer a\u00e7mak\u2026 Onu dinlemek, farketmek, y\u00fcreklendirmek\u2026 \u00c7\u00fcnk\u00fc ancak kendini de\u011ferli hisseden bir birey, de\u011fer \u00fcretmeye ba\u015flar.<br>Aidiyet sadece bireysel de\u011fil, toplumsal da bir ba\u011fd\u0131r. Kendi dilini, k\u00fclt\u00fcr\u00fcn\u00fc, tarihini tan\u0131yan bir birey; ya\u015fad\u0131\u011f\u0131 topluma kar\u015f\u0131 da sorumluluk besler. Kendini o topraklara ait hisseder. Bu da hem bireyi hem toplumu g\u00fc\u00e7lendirir.<br>Sonu\u00e7ta e\u011fitim, sadece bir gelecek haz\u0131rlamaz; bireyin i\u00e7inde ya\u015fad\u0131\u011f\u0131 d\u00fcnyayla ba\u011f kurmas\u0131n\u0131 sa\u011flar. Aidiyet duygusu geli\u015fmi\u015f bir birey, ya\u015fad\u0131\u011f\u0131 yeri sahiplenir, g\u00fczelle\u015ftirmek i\u00e7in \u00e7aba g\u00f6sterir. Sevgiyle, sayg\u0131yla, umutla\u2026<br>\u00c7\u00fcnk\u00fc insan, kendini ait hissetti\u011fi yeri d\u00f6n\u00fc\u015ft\u00fcr\u00fcr. Ger\u00e7ek e\u011fitim de tam burada ba\u015flar.\u00a0<\/p>\n\n\n\n<p>SevkanTahsino\u011flu<\/p>\n","protected":false},"excerpt":{"rendered":"<p>E\u011e\u0130T\u0130MLE GELEN A\u0130D\u0130YET DUYGUSU E\u011fitim, bir \u00e7ocu\u011fun g\u00f6zlerindeki merakla ba\u015flar; bir soruyla, bir hayalle, bir \u00f6\u011fretmenin i\u00e7ten g\u00fcl\u00fcmsemesiyle \u015fekillenir; \u00f6\u011fretim olur.Bilgi \u00f6\u011fretmek elbette k\u0131ymetlidir, ama e\u011fitim dedi\u011fimiz \u015fey yaln\u0131zca sayfalar dolusu bilgi de\u011fildir. Bireyin kendini tan\u0131ma, hayata tutunma ve bir yere ait oldu\u011funu hissetme s\u00fcrecidir. Bu nedenle e\u011fitim, sadece akl\u0131 de\u011fil, duygular\u0131 da\u00a0 beslemelidir.Aidiyet duygusu<\/p>\n<div class=\"read-more\"><a href=\"https:\/\/www.btaytd.org\/web\/tr\/pusula-dergisi-agustos-2025-sayisi-egitim\/\" title=\"Read More\">Read More<\/a><\/div>\n","protected":false},"author":8,"featured_media":10878,"comment_status":"closed","ping_status":"closed","sticky":false,"template":"","format":"standard","meta":{"footnotes":""},"categories":[15,94],"tags":[],"class_list":{"0":"post-10877","1":"post","2":"type-post","3":"status-publish","4":"format-standard","5":"has-post-thumbnail","7":"category-duyurular","8":"category-fotograflar"},"_links":{"self":[{"href":"https:\/\/www.btaytd.org\/web\/wp-json\/wp\/v2\/posts\/10877"}],"collection":[{"href":"https:\/\/www.btaytd.org\/web\/wp-json\/wp\/v2\/posts"}],"about":[{"href":"https:\/\/www.btaytd.org\/web\/wp-json\/wp\/v2\/types\/post"}],"author":[{"embeddable":true,"href":"https:\/\/www.btaytd.org\/web\/wp-json\/wp\/v2\/users\/8"}],"replies":[{"embeddable":true,"href":"https:\/\/www.btaytd.org\/web\/wp-json\/wp\/v2\/comments?post=10877"}],"version-history":[{"count":1,"href":"https:\/\/www.btaytd.org\/web\/wp-json\/wp\/v2\/posts\/10877\/revisions"}],"predecessor-version":[{"id":10879,"href":"https:\/\/www.btaytd.org\/web\/wp-json\/wp\/v2\/posts\/10877\/revisions\/10879"}],"wp:featuredmedia":[{"embeddable":true,"href":"https:\/\/www.btaytd.org\/web\/wp-json\/wp\/v2\/media\/10878"}],"wp:attachment":[{"href":"https:\/\/www.btaytd.org\/web\/wp-json\/wp\/v2\/media?parent=10877"}],"wp:term":[{"taxonomy":"category","embeddable":true,"href":"https:\/\/www.btaytd.org\/web\/wp-json\/wp\/v2\/categories?post=10877"},{"taxonomy":"post_tag","embeddable":true,"href":"https:\/\/www.btaytd.org\/web\/wp-json\/wp\/v2\/tags?post=10877"}],"curies":[{"name":"wp","href":"https:\/\/api.w.org\/{rel}","templated":true}]}}