{"id":11010,"date":"2025-10-15T08:23:58","date_gmt":"2025-10-15T08:23:58","guid":{"rendered":"https:\/\/www.btaytd.org\/web\/?p=11010"},"modified":"2025-10-15T08:24:04","modified_gmt":"2025-10-15T08:24:04","slug":"btaytd-agit-2025-insani-boyut-konferansinda-2","status":"publish","type":"post","link":"https:\/\/www.btaytd.org\/web\/tr\/btaytd-agit-2025-insani-boyut-konferansinda-2\/","title":{"rendered":"BTAYTD AG\u0130T 2025 \u0130nsani Boyut Konferans\u0131nda"},"content":{"rendered":"\n<p>BTAYTD \u201cKad\u0131nlar ve erkekler i\u00e7in e\u015fit f\u0131rsatlar, kad\u0131nlara ve k\u0131z \u00e7ocuklar\u0131na y\u00f6nelik \u015fiddetin \u00f6nlenmesi ve bununla m\u00fccadele edilmesi, toplumsal cinsiyet e\u015fitli\u011finin te\u015fviki i\u00e7in AG\u0130T Eylem Plan\u0131\u2019n\u0131n uygulanmas\u0131\u201d ba\u015fl\u0131kl\u0131 8. Oturumda s\u00f6z alarak Bat\u0131 Trakya T\u00fcrk Az\u0131nl\u0131k kad\u0131nlar\u0131n\u0131n \u00e7evrimi\u00e7i ortamda maruz kald\u0131\u011f\u0131 cinsiyet\u00e7i sald\u0131r\u0131lar\u0131 dile getirdi.<\/p>\n","protected":false},"excerpt":{"rendered":"<p>BTAYTD \u201cKad\u0131nlar ve erkekler i\u00e7in e\u015fit f\u0131rsatlar, kad\u0131nlara ve k\u0131z \u00e7ocuklar\u0131na y\u00f6nelik \u015fiddetin \u00f6nlenmesi ve bununla m\u00fccadele edilmesi, toplumsal cinsiyet e\u015fitli\u011finin te\u015fviki i\u00e7in AG\u0130T Eylem Plan\u0131\u2019n\u0131n uygulanmas\u0131\u201d ba\u015fl\u0131kl\u0131 8. Oturumda s\u00f6z alarak Bat\u0131 Trakya T\u00fcrk Az\u0131nl\u0131k kad\u0131nlar\u0131n\u0131n \u00e7evrimi\u00e7i ortamda maruz kald\u0131\u011f\u0131 cinsiyet\u00e7i sald\u0131r\u0131lar\u0131 dile getirdi.<\/p>\n","protected":false},"author":8,"featured_media":11011,"comment_status":"closed","ping_status":"closed","sticky":false,"template":"","format":"standard","meta":{"footnotes":""},"categories":[46,15,94],"tags":[],"class_list":{"0":"post-11010","1":"post","2":"type-post","3":"status-publish","4":"format-standard","5":"has-post-thumbnail","7":"category-dis-iliskiler-ve-insan-haklari","8":"category-duyurular","9":"category-fotograflar"},"_links":{"self":[{"href":"https:\/\/www.btaytd.org\/web\/wp-json\/wp\/v2\/posts\/11010"}],"collection":[{"href":"https:\/\/www.btaytd.org\/web\/wp-json\/wp\/v2\/posts"}],"about":[{"href":"https:\/\/www.btaytd.org\/web\/wp-json\/wp\/v2\/types\/post"}],"author":[{"embeddable":true,"href":"https:\/\/www.btaytd.org\/web\/wp-json\/wp\/v2\/users\/8"}],"replies":[{"embeddable":true,"href":"https:\/\/www.btaytd.org\/web\/wp-json\/wp\/v2\/comments?post=11010"}],"version-history":[{"count":1,"href":"https:\/\/www.btaytd.org\/web\/wp-json\/wp\/v2\/posts\/11010\/revisions"}],"predecessor-version":[{"id":11012,"href":"https:\/\/www.btaytd.org\/web\/wp-json\/wp\/v2\/posts\/11010\/revisions\/11012"}],"wp:featuredmedia":[{"embeddable":true,"href":"https:\/\/www.btaytd.org\/web\/wp-json\/wp\/v2\/media\/11011"}],"wp:attachment":[{"href":"https:\/\/www.btaytd.org\/web\/wp-json\/wp\/v2\/media?parent=11010"}],"wp:term":[{"taxonomy":"category","embeddable":true,"href":"https:\/\/www.btaytd.org\/web\/wp-json\/wp\/v2\/categories?post=11010"},{"taxonomy":"post_tag","embeddable":true,"href":"https:\/\/www.btaytd.org\/web\/wp-json\/wp\/v2\/tags?post=11010"}],"curies":[{"name":"wp","href":"https:\/\/api.w.org\/{rel}","templated":true}]}}