{"id":11018,"date":"2025-10-16T10:02:09","date_gmt":"2025-10-16T10:02:09","guid":{"rendered":"https:\/\/www.btaytd.org\/web\/?p=11018"},"modified":"2025-10-16T10:02:17","modified_gmt":"2025-10-16T10:02:17","slug":"davetiye-duyuru-78","status":"publish","type":"post","link":"https:\/\/www.btaytd.org\/web\/tr\/davetiye-duyuru-78\/","title":{"rendered":"DAVET\u0130YE \u2013 DUYURU"},"content":{"rendered":"\n<p>Bat\u0131 Trakya Az\u0131nl\u0131\u011f\u0131 Y\u00fcksek Tahsilliler Derne\u011fi b\u00fcnyesinde faaliyet g\u00f6steren Mesleki Tan\u0131t\u0131m ve Rehberlik Kolu, \u00f6\u011frencilere y\u00f6nelik \u201cPsikoloji\u201d <a><\/a>b\u00f6l\u00fcm\u00fcn\u00fcn tan\u0131t\u0131m\u0131n\u0131 ger\u00e7ekle\u015ftirecektir.<\/p>\n\n\n\n<p>Etkinli\u011fe t\u00fcm \u00f6\u011frenciler davetlidir.<\/p>\n\n\n\n<p>Tarih: 17 Ekim Cuma<\/p>\n\n\n\n<p>Saat: 12.30<\/p>\n\n\n\n<p>Yer: BTAYTD G\u00fcm\u00fclcine Merkez Lokali<\/p>\n\n\n\n<figure class=\"wp-block-gallery has-nested-images columns-default is-cropped wp-block-gallery-1 is-layout-flex wp-block-gallery-is-layout-flex\">\n<figure class=\"wp-block-image size-large\"><img loading=\"lazy\" decoding=\"async\" width=\"819\" height=\"1024\" data-id=\"11019\" src=\"https:\/\/www.btaytd.org\/web\/wp-content\/uploads\/2025\/10\/Green-and-Beige-Abstract-Instagram-Quotes-Post-1-819x1024.jpg\" alt=\"\" class=\"wp-image-11019\" srcset=\"https:\/\/www.btaytd.org\/web\/wp-content\/uploads\/2025\/10\/Green-and-Beige-Abstract-Instagram-Quotes-Post-1-819x1024.jpg 819w, https:\/\/www.btaytd.org\/web\/wp-content\/uploads\/2025\/10\/Green-and-Beige-Abstract-Instagram-Quotes-Post-1-240x300.jpg 240w, https:\/\/www.btaytd.org\/web\/wp-content\/uploads\/2025\/10\/Green-and-Beige-Abstract-Instagram-Quotes-Post-1-768x960.jpg 768w, https:\/\/www.btaytd.org\/web\/wp-content\/uploads\/2025\/10\/Green-and-Beige-Abstract-Instagram-Quotes-Post-1.jpg 1080w\" sizes=\"(max-width: 819px) 100vw, 819px\" \/><\/figure>\n<\/figure>\n","protected":false},"excerpt":{"rendered":"<p>Bat\u0131 Trakya Az\u0131nl\u0131\u011f\u0131 Y\u00fcksek Tahsilliler Derne\u011fi b\u00fcnyesinde faaliyet g\u00f6steren Mesleki Tan\u0131t\u0131m ve Rehberlik Kolu, \u00f6\u011frencilere y\u00f6nelik \u201cPsikoloji\u201d b\u00f6l\u00fcm\u00fcn\u00fcn tan\u0131t\u0131m\u0131n\u0131 ger\u00e7ekle\u015ftirecektir. Etkinli\u011fe t\u00fcm \u00f6\u011frenciler davetlidir. Tarih: 17 Ekim Cuma Saat: 12.30 Yer: BTAYTD G\u00fcm\u00fclcine Merkez Lokali<\/p>\n","protected":false},"author":8,"featured_media":11020,"comment_status":"closed","ping_status":"closed","sticky":false,"template":"","format":"standard","meta":{"footnotes":""},"categories":[15,94,88],"tags":[],"class_list":{"0":"post-11018","1":"post","2":"type-post","3":"status-publish","4":"format-standard","5":"has-post-thumbnail","7":"category-duyurular","8":"category-fotograflar","9":"category-haberler"},"_links":{"self":[{"href":"https:\/\/www.btaytd.org\/web\/wp-json\/wp\/v2\/posts\/11018"}],"collection":[{"href":"https:\/\/www.btaytd.org\/web\/wp-json\/wp\/v2\/posts"}],"about":[{"href":"https:\/\/www.btaytd.org\/web\/wp-json\/wp\/v2\/types\/post"}],"author":[{"embeddable":true,"href":"https:\/\/www.btaytd.org\/web\/wp-json\/wp\/v2\/users\/8"}],"replies":[{"embeddable":true,"href":"https:\/\/www.btaytd.org\/web\/wp-json\/wp\/v2\/comments?post=11018"}],"version-history":[{"count":1,"href":"https:\/\/www.btaytd.org\/web\/wp-json\/wp\/v2\/posts\/11018\/revisions"}],"predecessor-version":[{"id":11021,"href":"https:\/\/www.btaytd.org\/web\/wp-json\/wp\/v2\/posts\/11018\/revisions\/11021"}],"wp:featuredmedia":[{"embeddable":true,"href":"https:\/\/www.btaytd.org\/web\/wp-json\/wp\/v2\/media\/11020"}],"wp:attachment":[{"href":"https:\/\/www.btaytd.org\/web\/wp-json\/wp\/v2\/media?parent=11018"}],"wp:term":[{"taxonomy":"category","embeddable":true,"href":"https:\/\/www.btaytd.org\/web\/wp-json\/wp\/v2\/categories?post=11018"},{"taxonomy":"post_tag","embeddable":true,"href":"https:\/\/www.btaytd.org\/web\/wp-json\/wp\/v2\/tags?post=11018"}],"curies":[{"name":"wp","href":"https:\/\/api.w.org\/{rel}","templated":true}]}}