{"id":11022,"date":"2025-10-16T10:06:10","date_gmt":"2025-10-16T10:06:10","guid":{"rendered":"https:\/\/www.btaytd.org\/web\/?p=11022"},"modified":"2025-10-16T10:06:18","modified_gmt":"2025-10-16T10:06:18","slug":"btaytd-agit-2025-insani-boyut-konferansinda-3","status":"publish","type":"post","link":"https:\/\/www.btaytd.org\/web\/tr\/btaytd-agit-2025-insani-boyut-konferansinda-3\/","title":{"rendered":"BTAYTD AG\u0130T 2025 \u0130nsani Boyut Konferans\u0131nda"},"content":{"rendered":"\n<p>BTAYTD \u201c Bar\u0131\u015f\u00e7\u0131l toplanma ve \u00f6rg\u00fctlenme \u00f6zg\u00fcrl\u00fc\u011f\u00fc, insan haklar\u0131 savunucular\u0131, ulusal insan haklar\u0131 kurumlar\u0131, d\u00fc\u015f\u00fcnce, vicdan, din veya inan\u00e7 \u00f6zg\u00fcrl\u00fc\u011f\u00fc\u201d ba\u015fl\u0131kl\u0131 10. Oturumda s\u00f6z ald\u0131. BTAYTD, T\u00fcrk Az\u0131nl\u0131\u011f\u0131n dernekle\u015fme \u00f6zg\u00fcrl\u00fc\u011f\u00fc alan\u0131ndaki sorunlar\u0131n\u0131 dile getirdi.<\/p>\n\n\n\n<figure class=\"wp-block-gallery has-nested-images columns-default is-cropped wp-block-gallery-1 is-layout-flex wp-block-gallery-is-layout-flex\">\n<figure class=\"wp-block-image size-large\"><img loading=\"lazy\" decoding=\"async\" width=\"1024\" height=\"471\" data-id=\"11023\" src=\"https:\/\/www.btaytd.org\/web\/wp-content\/uploads\/2025\/10\/34e65f2a-d5d0-4bb8-8308-6e8f9978a6c9-1024x471.jpg\" alt=\"\" class=\"wp-image-11023\" srcset=\"https:\/\/www.btaytd.org\/web\/wp-content\/uploads\/2025\/10\/34e65f2a-d5d0-4bb8-8308-6e8f9978a6c9-1024x471.jpg 1024w, https:\/\/www.btaytd.org\/web\/wp-content\/uploads\/2025\/10\/34e65f2a-d5d0-4bb8-8308-6e8f9978a6c9-300x138.jpg 300w, https:\/\/www.btaytd.org\/web\/wp-content\/uploads\/2025\/10\/34e65f2a-d5d0-4bb8-8308-6e8f9978a6c9-768x353.jpg 768w, https:\/\/www.btaytd.org\/web\/wp-content\/uploads\/2025\/10\/34e65f2a-d5d0-4bb8-8308-6e8f9978a6c9.jpg 1280w\" sizes=\"(max-width: 1024px) 100vw, 1024px\" \/><\/figure>\n<\/figure>\n","protected":false},"excerpt":{"rendered":"<p>BTAYTD \u201c Bar\u0131\u015f\u00e7\u0131l toplanma ve \u00f6rg\u00fctlenme \u00f6zg\u00fcrl\u00fc\u011f\u00fc, insan haklar\u0131 savunucular\u0131, ulusal insan haklar\u0131 kurumlar\u0131, d\u00fc\u015f\u00fcnce, vicdan, din veya inan\u00e7 \u00f6zg\u00fcrl\u00fc\u011f\u00fc\u201d ba\u015fl\u0131kl\u0131 10. Oturumda s\u00f6z ald\u0131. BTAYTD, T\u00fcrk Az\u0131nl\u0131\u011f\u0131n dernekle\u015fme \u00f6zg\u00fcrl\u00fc\u011f\u00fc alan\u0131ndaki sorunlar\u0131n\u0131 dile getirdi.<\/p>\n","protected":false},"author":8,"featured_media":11024,"comment_status":"closed","ping_status":"closed","sticky":false,"template":"","format":"standard","meta":{"footnotes":""},"categories":[46,15,94,88],"tags":[],"class_list":{"0":"post-11022","1":"post","2":"type-post","3":"status-publish","4":"format-standard","5":"has-post-thumbnail","7":"category-dis-iliskiler-ve-insan-haklari","8":"category-duyurular","9":"category-fotograflar","10":"category-haberler"},"_links":{"self":[{"href":"https:\/\/www.btaytd.org\/web\/wp-json\/wp\/v2\/posts\/11022"}],"collection":[{"href":"https:\/\/www.btaytd.org\/web\/wp-json\/wp\/v2\/posts"}],"about":[{"href":"https:\/\/www.btaytd.org\/web\/wp-json\/wp\/v2\/types\/post"}],"author":[{"embeddable":true,"href":"https:\/\/www.btaytd.org\/web\/wp-json\/wp\/v2\/users\/8"}],"replies":[{"embeddable":true,"href":"https:\/\/www.btaytd.org\/web\/wp-json\/wp\/v2\/comments?post=11022"}],"version-history":[{"count":1,"href":"https:\/\/www.btaytd.org\/web\/wp-json\/wp\/v2\/posts\/11022\/revisions"}],"predecessor-version":[{"id":11025,"href":"https:\/\/www.btaytd.org\/web\/wp-json\/wp\/v2\/posts\/11022\/revisions\/11025"}],"wp:featuredmedia":[{"embeddable":true,"href":"https:\/\/www.btaytd.org\/web\/wp-json\/wp\/v2\/media\/11024"}],"wp:attachment":[{"href":"https:\/\/www.btaytd.org\/web\/wp-json\/wp\/v2\/media?parent=11022"}],"wp:term":[{"taxonomy":"category","embeddable":true,"href":"https:\/\/www.btaytd.org\/web\/wp-json\/wp\/v2\/categories?post=11022"},{"taxonomy":"post_tag","embeddable":true,"href":"https:\/\/www.btaytd.org\/web\/wp-json\/wp\/v2\/tags?post=11022"}],"curies":[{"name":"wp","href":"https:\/\/api.w.org\/{rel}","templated":true}]}}