{"id":11034,"date":"2025-10-17T16:28:31","date_gmt":"2025-10-17T16:28:31","guid":{"rendered":"https:\/\/www.btaytd.org\/web\/?p=11034"},"modified":"2025-10-17T16:28:41","modified_gmt":"2025-10-17T16:28:41","slug":"psikoloji-bolumu-tanitildi","status":"publish","type":"post","link":"https:\/\/www.btaytd.org\/web\/tr\/psikoloji-bolumu-tanitildi\/","title":{"rendered":"PS\u0130KOLOJ\u0130 B\u00d6L\u00dcM\u00dc TANITILDI"},"content":{"rendered":"\n<p>Bat\u0131 Trakya Az\u0131nl\u0131\u011f\u0131 Y\u00fcksek Tahsilliler Derne\u011fi b\u00fcnyesinde faaliyet g\u00f6steren Mesleki Tan\u0131t\u0131m ve Rehberlik Kolu, 17 Ekim Cuma g\u00fcn\u00fc \u00f6\u011frencilere y\u00f6nelik \u201cPsikoloji B\u00f6l\u00fcm\u00fc Tan\u0131t\u0131m Etkinli\u011fi\u201d d\u00fczenledi.<\/p>\n\n\n\n<p>Etkinli\u011fe Uzm. Psikolog ve Aile Dan\u0131\u015fman\u0131 Sibel Top ile Uzm. Psikolog Koray Ba\u011fdatl\u0131 konuk olarak kat\u0131ld\u0131. Konuklar\u0131m\u0131z, \u00f6ncelikle Psikoloji b\u00f6l\u00fcm\u00fcn\u00fcn ders i\u00e7eriklerinden bahsederek \u00f6\u011frencilere b\u00f6l\u00fcm hakk\u0131nda genel bir bilgi sundular. Ard\u0131ndan mesleki deneyimlerini ve akademik alandaki \u00e7al\u0131\u015fmalar\u0131n\u0131 payla\u015ft\u0131lar. Etkinlikte ayr\u0131ca \u201cPsikoloji b\u00f6l\u00fcm\u00fc nedir, ne de\u011fildir?\u201d sorusu ele al\u0131narak, kullan\u0131lan yakla\u015f\u0131mlar, testler, g\u00f6r\u00fc\u015fme teknikleri ve psikologlar i\u00e7in evrensel etik ilkeler hakk\u0131nda bilgi verildi. Konu\u015fmac\u0131lar, Psikoloji b\u00f6l\u00fcm\u00fc mezunlar\u0131n\u0131n farkl\u0131 alanlarda uzmanla\u015fma ve kariyer geli\u015ftirme olanaklar\u0131na da de\u011findiler.<\/p>\n\n\n\n<figure class=\"wp-block-gallery has-nested-images columns-default is-cropped wp-block-gallery-1 is-layout-flex wp-block-gallery-is-layout-flex\"><\/figure>\n\n\n\n<p>Samimi bir ortamda ger\u00e7ekle\u015fen s\u00f6yle\u015fide konu\u015fmac\u0131lar, i\u00e7ten payla\u015f\u0131mlar\u0131yla \u00f6\u011frencilere ilham kayna\u011f\u0131 oldular. Etkinlik sonunda \u00f6\u011frenciler, konu\u015fmac\u0131larla sohbet ederek merak ettikleri sorulara yan\u0131t bulma f\u0131rsat\u0131 yakalad\u0131lar.<\/p>\n\n\n\n<p><\/p>\n\n\n\n<figure class=\"wp-block-gallery has-nested-images columns-default is-cropped wp-block-gallery-2 is-layout-flex wp-block-gallery-is-layout-flex\">\n<figure class=\"wp-block-image size-large\"><img loading=\"lazy\" decoding=\"async\" width=\"1024\" height=\"576\" data-id=\"11036\" src=\"https:\/\/www.btaytd.org\/web\/wp-content\/uploads\/2025\/10\/f71acfe6-eb1c-4432-bb72-8fd8d98584f9-1024x576.jpg\" alt=\"\" class=\"wp-image-11036\" srcset=\"https:\/\/www.btaytd.org\/web\/wp-content\/uploads\/2025\/10\/f71acfe6-eb1c-4432-bb72-8fd8d98584f9-1024x576.jpg 1024w, https:\/\/www.btaytd.org\/web\/wp-content\/uploads\/2025\/10\/f71acfe6-eb1c-4432-bb72-8fd8d98584f9-300x169.jpg 300w, https:\/\/www.btaytd.org\/web\/wp-content\/uploads\/2025\/10\/f71acfe6-eb1c-4432-bb72-8fd8d98584f9-768x432.jpg 768w, https:\/\/www.btaytd.org\/web\/wp-content\/uploads\/2025\/10\/f71acfe6-eb1c-4432-bb72-8fd8d98584f9.jpg 1280w\" sizes=\"(max-width: 1024px) 100vw, 1024px\" \/><\/figure>\n<\/figure>\n","protected":false},"excerpt":{"rendered":"<p>Bat\u0131 Trakya Az\u0131nl\u0131\u011f\u0131 Y\u00fcksek Tahsilliler Derne\u011fi b\u00fcnyesinde faaliyet g\u00f6steren Mesleki Tan\u0131t\u0131m ve Rehberlik Kolu, 17 Ekim Cuma g\u00fcn\u00fc \u00f6\u011frencilere y\u00f6nelik \u201cPsikoloji B\u00f6l\u00fcm\u00fc Tan\u0131t\u0131m Etkinli\u011fi\u201d d\u00fczenledi. Etkinli\u011fe Uzm. Psikolog ve Aile Dan\u0131\u015fman\u0131 Sibel Top ile Uzm. Psikolog Koray Ba\u011fdatl\u0131 konuk olarak kat\u0131ld\u0131. Konuklar\u0131m\u0131z, \u00f6ncelikle Psikoloji b\u00f6l\u00fcm\u00fcn\u00fcn ders i\u00e7eriklerinden bahsederek \u00f6\u011frencilere b\u00f6l\u00fcm hakk\u0131nda genel bir bilgi sundular.<\/p>\n<div class=\"read-more\"><a href=\"https:\/\/www.btaytd.org\/web\/tr\/psikoloji-bolumu-tanitildi\/\" title=\"Read More\">Read More<\/a><\/div>\n","protected":false},"author":8,"featured_media":11035,"comment_status":"closed","ping_status":"closed","sticky":false,"template":"","format":"standard","meta":{"footnotes":""},"categories":[15,94,88],"tags":[],"class_list":{"0":"post-11034","1":"post","2":"type-post","3":"status-publish","4":"format-standard","5":"has-post-thumbnail","7":"category-duyurular","8":"category-fotograflar","9":"category-haberler"},"_links":{"self":[{"href":"https:\/\/www.btaytd.org\/web\/wp-json\/wp\/v2\/posts\/11034"}],"collection":[{"href":"https:\/\/www.btaytd.org\/web\/wp-json\/wp\/v2\/posts"}],"about":[{"href":"https:\/\/www.btaytd.org\/web\/wp-json\/wp\/v2\/types\/post"}],"author":[{"embeddable":true,"href":"https:\/\/www.btaytd.org\/web\/wp-json\/wp\/v2\/users\/8"}],"replies":[{"embeddable":true,"href":"https:\/\/www.btaytd.org\/web\/wp-json\/wp\/v2\/comments?post=11034"}],"version-history":[{"count":1,"href":"https:\/\/www.btaytd.org\/web\/wp-json\/wp\/v2\/posts\/11034\/revisions"}],"predecessor-version":[{"id":11037,"href":"https:\/\/www.btaytd.org\/web\/wp-json\/wp\/v2\/posts\/11034\/revisions\/11037"}],"wp:featuredmedia":[{"embeddable":true,"href":"https:\/\/www.btaytd.org\/web\/wp-json\/wp\/v2\/media\/11035"}],"wp:attachment":[{"href":"https:\/\/www.btaytd.org\/web\/wp-json\/wp\/v2\/media?parent=11034"}],"wp:term":[{"taxonomy":"category","embeddable":true,"href":"https:\/\/www.btaytd.org\/web\/wp-json\/wp\/v2\/categories?post=11034"},{"taxonomy":"post_tag","embeddable":true,"href":"https:\/\/www.btaytd.org\/web\/wp-json\/wp\/v2\/tags?post=11034"}],"curies":[{"name":"wp","href":"https:\/\/api.w.org\/{rel}","templated":true}]}}