{"id":11047,"date":"2025-10-24T14:59:29","date_gmt":"2025-10-24T14:59:29","guid":{"rendered":"https:\/\/www.btaytd.org\/web\/?p=11047"},"modified":"2025-10-24T14:59:39","modified_gmt":"2025-10-24T14:59:39","slug":"dis-hekimligi-tanitim-soylesisi-gerceklestirildi","status":"publish","type":"post","link":"https:\/\/www.btaytd.org\/web\/tr\/dis-hekimligi-tanitim-soylesisi-gerceklestirildi\/","title":{"rendered":"Di\u015f Hekimli\u011fi Tan\u0131t\u0131m S\u00f6yle\u015fisi Ger\u00e7ekle\u015ftirildi"},"content":{"rendered":"\n<p>Bat\u0131 Trakya Az\u0131nl\u0131\u011f\u0131 Y\u00fcksek Tahsilliler Derne\u011fi b\u00fcnyesinde faaliyet g\u00f6steren Mesleki<br>Tan\u0131t\u0131m ve Rehberlik Kolu, 24 Ekim 2025 Cuma g\u00fcn\u00fc lise \u00f6\u011frencilerine y\u00f6nelik Di\u015f Hekimli\u011fi<br>B\u00f6l\u00fcm Tan\u0131t\u0131m\u0131 ger\u00e7ekle\u015ftirdi.<br>S\u00f6yle\u015fiye, b\u00f6lgemizin ilk bayan di\u015f hekimi Sn. Ay\u015fe Galip konuk olarak kat\u0131ld\u0131.<br>\u00d6\u011frencilerle meslek hayat\u0131na dair deneyimlerini payla\u015fan Ay\u015fe Galip, di\u015f hekimli\u011fi mesle\u011fini<br>se\u00e7ecek \u00f6\u011frencilere \u00f6nemli tavsiyelerde bulundu.<br>E\u011fitim a\u015famalar\u0131 hakk\u0131nda konu\u015furken, \u00f6\u011frencilerin d\u00f6rd\u00fcnc\u00fc s\u0131n\u0131ftan itibaren hasta<br>bakmaya ba\u015flad\u0131klar\u0131n\u0131 belirtti. Mesle\u011fin zorluklar\u0131na de\u011finen konu\u011fumuz, \u201ctedavi sonunda<br>hastalar\u0131n\u0131z\u0131n y\u00fcz\u00fcndeki mutlulu\u011fu g\u00f6rmek t\u00fcm zorluklar\u0131 unutturuyor.\u201d dedi. Mesleki ba\u015far\u0131<br>a\u00e7\u0131s\u0131ndan \u201ci\u015finizi severek yapman\u0131z ve iyi bir teknisyenle \u00e7al\u0131\u015fman\u0131z ba\u015far\u0131n\u0131z i\u00e7in \u00e7ok<br>\u00f6nemlidir\u201d diyen konu\u015fmac\u0131m\u0131z, di\u015f hekimli\u011finin alt dallar\u0131 hakk\u0131nda da bilgi verdi.<br>Son olarak \u00f6\u011frencilere \u00fcniversite tercihi yaparken fak\u00fcltenin ve akademik kadronun<br>ba\u015far\u0131lar\u0131n\u0131 g\u00f6z \u00f6n\u00fcnde bulundurmalar\u0131n\u0131 tavsiye etti. S\u00f6yle\u015fi, \u00f6\u011frencilerin sorular\u0131n\u0131<br>y\u00f6neltmesi ve Ay\u015fe Galip\u2019in samimi yan\u0131tlar\u0131yla son buldu.<\/p>\n\n\n\n<figure class=\"wp-block-gallery has-nested-images columns-default is-cropped wp-block-gallery-1 is-layout-flex wp-block-gallery-is-layout-flex\">\n<figure class=\"wp-block-image size-large\"><img loading=\"lazy\" decoding=\"async\" width=\"1024\" height=\"576\" data-id=\"11049\" src=\"https:\/\/www.btaytd.org\/web\/wp-content\/uploads\/2025\/10\/20251024_125839-1024x576.jpg\" alt=\"\" class=\"wp-image-11049\" srcset=\"https:\/\/www.btaytd.org\/web\/wp-content\/uploads\/2025\/10\/20251024_125839-1024x576.jpg 1024w, https:\/\/www.btaytd.org\/web\/wp-content\/uploads\/2025\/10\/20251024_125839-300x169.jpg 300w, https:\/\/www.btaytd.org\/web\/wp-content\/uploads\/2025\/10\/20251024_125839-768x432.jpg 768w, https:\/\/www.btaytd.org\/web\/wp-content\/uploads\/2025\/10\/20251024_125839-1536x864.jpg 1536w, https:\/\/www.btaytd.org\/web\/wp-content\/uploads\/2025\/10\/20251024_125839.jpg 1680w\" sizes=\"(max-width: 1024px) 100vw, 1024px\" \/><\/figure>\n<\/figure>\n","protected":false},"excerpt":{"rendered":"<p>Bat\u0131 Trakya Az\u0131nl\u0131\u011f\u0131 Y\u00fcksek Tahsilliler Derne\u011fi b\u00fcnyesinde faaliyet g\u00f6steren MeslekiTan\u0131t\u0131m ve Rehberlik Kolu, 24 Ekim 2025 Cuma g\u00fcn\u00fc lise \u00f6\u011frencilerine y\u00f6nelik Di\u015f Hekimli\u011fiB\u00f6l\u00fcm Tan\u0131t\u0131m\u0131 ger\u00e7ekle\u015ftirdi.S\u00f6yle\u015fiye, b\u00f6lgemizin ilk bayan di\u015f hekimi Sn. Ay\u015fe Galip konuk olarak kat\u0131ld\u0131.\u00d6\u011frencilerle meslek hayat\u0131na dair deneyimlerini payla\u015fan Ay\u015fe Galip, di\u015f hekimli\u011fi mesle\u011finise\u00e7ecek \u00f6\u011frencilere \u00f6nemli tavsiyelerde bulundu.E\u011fitim a\u015famalar\u0131 hakk\u0131nda konu\u015furken, \u00f6\u011frencilerin d\u00f6rd\u00fcnc\u00fc<\/p>\n<div class=\"read-more\"><a href=\"https:\/\/www.btaytd.org\/web\/tr\/dis-hekimligi-tanitim-soylesisi-gerceklestirildi\/\" title=\"Read More\">Read More<\/a><\/div>\n","protected":false},"author":8,"featured_media":11048,"comment_status":"closed","ping_status":"closed","sticky":false,"template":"","format":"standard","meta":{"footnotes":""},"categories":[15,94,62],"tags":[],"class_list":{"0":"post-11047","1":"post","2":"type-post","3":"status-publish","4":"format-standard","5":"has-post-thumbnail","7":"category-duyurular","8":"category-fotograflar","9":"category-mesleki-rehberlik"},"_links":{"self":[{"href":"https:\/\/www.btaytd.org\/web\/wp-json\/wp\/v2\/posts\/11047"}],"collection":[{"href":"https:\/\/www.btaytd.org\/web\/wp-json\/wp\/v2\/posts"}],"about":[{"href":"https:\/\/www.btaytd.org\/web\/wp-json\/wp\/v2\/types\/post"}],"author":[{"embeddable":true,"href":"https:\/\/www.btaytd.org\/web\/wp-json\/wp\/v2\/users\/8"}],"replies":[{"embeddable":true,"href":"https:\/\/www.btaytd.org\/web\/wp-json\/wp\/v2\/comments?post=11047"}],"version-history":[{"count":1,"href":"https:\/\/www.btaytd.org\/web\/wp-json\/wp\/v2\/posts\/11047\/revisions"}],"predecessor-version":[{"id":11050,"href":"https:\/\/www.btaytd.org\/web\/wp-json\/wp\/v2\/posts\/11047\/revisions\/11050"}],"wp:featuredmedia":[{"embeddable":true,"href":"https:\/\/www.btaytd.org\/web\/wp-json\/wp\/v2\/media\/11048"}],"wp:attachment":[{"href":"https:\/\/www.btaytd.org\/web\/wp-json\/wp\/v2\/media?parent=11047"}],"wp:term":[{"taxonomy":"category","embeddable":true,"href":"https:\/\/www.btaytd.org\/web\/wp-json\/wp\/v2\/categories?post=11047"},{"taxonomy":"post_tag","embeddable":true,"href":"https:\/\/www.btaytd.org\/web\/wp-json\/wp\/v2\/tags?post=11047"}],"curies":[{"name":"wp","href":"https:\/\/api.w.org\/{rel}","templated":true}]}}