{"id":11526,"date":"2026-03-06T13:53:38","date_gmt":"2026-03-06T13:53:38","guid":{"rendered":"https:\/\/www.btaytd.org\/web\/?p=11526"},"modified":"2026-03-06T13:53:48","modified_gmt":"2026-03-06T13:53:48","slug":"kisisel-gelisim-atolyesinde-farkliliklari-anlamak-konusu-islendi","status":"publish","type":"post","link":"https:\/\/www.btaytd.org\/web\/tr\/kisisel-gelisim-atolyesinde-farkliliklari-anlamak-konusu-islendi\/","title":{"rendered":"K\u0130\u015e\u0130SEL GEL\u0130\u015e\u0130M AT\u00d6LYES\u0130NDE \u201cFARKLILIKLARI ANLAMAK\u201d KONUSU \u0130\u015eLEND\u0130"},"content":{"rendered":"\n<p>Bat\u0131 Trakya Az\u0131nl\u0131\u011f\u0131 Y\u00fcksek Tahsilliler Derne\u011fi b\u00fcnyesinde faaliyet g\u00f6steren Mesleki Tan\u0131t\u0131m ve Rehberlik Kolu, 6 Mart 2026 tarihinde \u201cKi\u015fisel Geli\u015fim At\u00f6lyeleri\u201d \u00e7er\u00e7evesinde \u201cFarkl\u0131l\u0131klar\u0131 Anlamam\u201d konulu bir oturum ger\u00e7ekle\u015ftirdi. Sunumu Lise son s\u0131n\u0131f \u00f6\u011frencileri \u0130rem ve Zeynep ger\u00e7ekle\u015ftirdi.<\/p>\n\n\n\n<p>Sunum \u00f6zel gereksinimli \u00e7ocuklar ve \u00f6zel e\u011fitim konular\u0131na genel bir bak\u0131\u015f sunuldu. Programda \u00f6zel gereksinim t\u00fcrleri ele al\u0131n\u0131rken, toplumsal empati ve fark\u0131ndal\u0131\u011f\u0131n \u00f6nemi vurguland\u0131. Ayr\u0131ca \u00f6zel gereksinimli \u00e7ocuklar\u0131n haklar\u0131, e\u015fitlik ve toplumsal kat\u0131l\u0131m hakk\u0131 \u00fczerinde durularak \u00e7\u00f6z\u00fcm ve destek yollar\u0131 payla\u015f\u0131ld\u0131. At\u00f6lye, fark\u0131ndal\u0131\u011f\u0131 art\u0131rmay\u0131 ama\u00e7layan video g\u00f6sterimiyle sona erdi.<\/p>\n\n\n\n<figure class=\"wp-block-gallery has-nested-images columns-default is-cropped wp-block-gallery-1 is-layout-flex wp-block-gallery-is-layout-flex\">\n<figure class=\"wp-block-image size-large\"><img loading=\"lazy\" decoding=\"async\" width=\"1024\" height=\"533\" data-id=\"11528\" src=\"https:\/\/www.btaytd.org\/web\/wp-content\/uploads\/2026\/03\/WhatsApp-Image-2026-03-06-at-2.27.40-PM-1-1024x533.jpeg\" alt=\"\" class=\"wp-image-11528\" srcset=\"https:\/\/www.btaytd.org\/web\/wp-content\/uploads\/2026\/03\/WhatsApp-Image-2026-03-06-at-2.27.40-PM-1-1024x533.jpeg 1024w, https:\/\/www.btaytd.org\/web\/wp-content\/uploads\/2026\/03\/WhatsApp-Image-2026-03-06-at-2.27.40-PM-1-300x156.jpeg 300w, https:\/\/www.btaytd.org\/web\/wp-content\/uploads\/2026\/03\/WhatsApp-Image-2026-03-06-at-2.27.40-PM-1-768x400.jpeg 768w, https:\/\/www.btaytd.org\/web\/wp-content\/uploads\/2026\/03\/WhatsApp-Image-2026-03-06-at-2.27.40-PM-1-85x45.jpeg 85w, https:\/\/www.btaytd.org\/web\/wp-content\/uploads\/2026\/03\/WhatsApp-Image-2026-03-06-at-2.27.40-PM-1.jpeg 1280w\" sizes=\"(max-width: 1024px) 100vw, 1024px\" \/><\/figure>\n<\/figure>\n","protected":false},"excerpt":{"rendered":"<p>Bat\u0131 Trakya Az\u0131nl\u0131\u011f\u0131 Y\u00fcksek Tahsilliler Derne\u011fi b\u00fcnyesinde faaliyet g\u00f6steren Mesleki Tan\u0131t\u0131m ve Rehberlik Kolu, 6 Mart 2026 tarihinde \u201cKi\u015fisel Geli\u015fim At\u00f6lyeleri\u201d \u00e7er\u00e7evesinde \u201cFarkl\u0131l\u0131klar\u0131 Anlamam\u201d konulu bir oturum ger\u00e7ekle\u015ftirdi. Sunumu Lise son s\u0131n\u0131f \u00f6\u011frencileri \u0130rem ve Zeynep ger\u00e7ekle\u015ftirdi. Sunum \u00f6zel gereksinimli \u00e7ocuklar ve \u00f6zel e\u011fitim konular\u0131na genel bir bak\u0131\u015f sunuldu. Programda \u00f6zel gereksinim t\u00fcrleri ele al\u0131n\u0131rken,<\/p>\n<div class=\"read-more\"><a href=\"https:\/\/www.btaytd.org\/web\/tr\/kisisel-gelisim-atolyesinde-farkliliklari-anlamak-konusu-islendi\/\" title=\"Read More\">Read More<\/a><\/div>\n","protected":false},"author":8,"featured_media":11527,"comment_status":"closed","ping_status":"closed","sticky":false,"template":"","format":"standard","meta":{"footnotes":""},"categories":[44,94,88,62],"tags":[],"class_list":{"0":"post-11526","1":"post","2":"type-post","3":"status-publish","4":"format-standard","5":"has-post-thumbnail","7":"category-alt-kurullar","8":"category-fotograflar","9":"category-haberler","10":"category-mesleki-rehberlik"},"_links":{"self":[{"href":"https:\/\/www.btaytd.org\/web\/wp-json\/wp\/v2\/posts\/11526"}],"collection":[{"href":"https:\/\/www.btaytd.org\/web\/wp-json\/wp\/v2\/posts"}],"about":[{"href":"https:\/\/www.btaytd.org\/web\/wp-json\/wp\/v2\/types\/post"}],"author":[{"embeddable":true,"href":"https:\/\/www.btaytd.org\/web\/wp-json\/wp\/v2\/users\/8"}],"replies":[{"embeddable":true,"href":"https:\/\/www.btaytd.org\/web\/wp-json\/wp\/v2\/comments?post=11526"}],"version-history":[{"count":1,"href":"https:\/\/www.btaytd.org\/web\/wp-json\/wp\/v2\/posts\/11526\/revisions"}],"predecessor-version":[{"id":11529,"href":"https:\/\/www.btaytd.org\/web\/wp-json\/wp\/v2\/posts\/11526\/revisions\/11529"}],"wp:featuredmedia":[{"embeddable":true,"href":"https:\/\/www.btaytd.org\/web\/wp-json\/wp\/v2\/media\/11527"}],"wp:attachment":[{"href":"https:\/\/www.btaytd.org\/web\/wp-json\/wp\/v2\/media?parent=11526"}],"wp:term":[{"taxonomy":"category","embeddable":true,"href":"https:\/\/www.btaytd.org\/web\/wp-json\/wp\/v2\/categories?post=11526"},{"taxonomy":"post_tag","embeddable":true,"href":"https:\/\/www.btaytd.org\/web\/wp-json\/wp\/v2\/tags?post=11526"}],"curies":[{"name":"wp","href":"https:\/\/api.w.org\/{rel}","templated":true}]}}