{"id":11554,"date":"2026-03-13T11:24:19","date_gmt":"2026-03-13T11:24:19","guid":{"rendered":"https:\/\/www.btaytd.org\/web\/?p=11554"},"modified":"2026-03-13T11:24:26","modified_gmt":"2026-03-13T11:24:26","slug":"pusula-dergisi-subat-2026-sayisi-kultur-sanat","status":"publish","type":"post","link":"https:\/\/www.btaytd.org\/web\/tr\/pusula-dergisi-subat-2026-sayisi-kultur-sanat\/","title":{"rendered":"PUSULA DERG\u0130S\u0130 \u015eUBAT 2026 SAYISI- K\u00dcLT\u00dcR SANAT"},"content":{"rendered":"\n<p>K\u00d6KLER\u0130M\u0130ZDE YA\u015eAYAN M\u0130RAS<br><br>K\u00fclt\u00fcrel miras, bir toplumun ge\u00e7mi\u015ften bug\u00fcne ta\u015f\u0131d\u0131\u011f\u0131 maddi ve manevi de\u011ferlerin toplam\u0131d\u0131r. Mimari eserler, dil, inan\u00e7 sistemi, gelenekler-g\u00f6renekler, m\u00fczik, sanat, mutfak ve g\u00fcnl\u00fck ya\u015fam al\u0131\u015fk\u0131nl\u0131klar\u0131 bu miras\u0131n par\u00e7alar\u0131d\u0131r. Bu miras yaln\u0131zca ge\u00e7mi\u015fe ait bir hat\u0131ra de\u011fildir; kimli\u011fimizi kuran, aidiyet duygumuzu besleyen ve gelece\u011fe nas\u0131l bakaca\u011f\u0131m\u0131z\u0131 \u015fekillendiren canl\u0131 bir kaynakt\u0131r. Bir toplum, haf\u0131zas\u0131n\u0131 koruyabildi\u011fi \u00f6l\u00e7\u00fcde kendini s\u00fcrd\u00fcrebilir.<br>Bu ba\u011flamda az\u0131nl\u0131k topluluklar\u0131, k\u00fclt\u00fcrel miras\u0131n korunmas\u0131nda \u00f6zel bir yere sahiptir. Az\u0131nl\u0131k olmak, \u00e7o\u011fu zaman kimli\u011fi daha bilin\u00e7li bi\u00e7imde ya\u015famak ve aktarmak anlam\u0131na gelir. Dilin g\u00fcnl\u00fck hayatta korunmas\u0131, geleneklerin ku\u015faktan ku\u015fa\u011fa aktar\u0131lmas\u0131 ve toplumsal dayan\u0131\u015fman\u0131n s\u00fcrd\u00fcr\u00fclmesi, k\u00fclt\u00fcrel miras\u0131n ya\u015fat\u0131lmas\u0131n\u0131n en g\u00fc\u00e7l\u00fc yollar\u0131ndand\u0131r. Bu durum, kimli\u011fin yaln\u0131zca ge\u00e7mi\u015fe ba\u011fl\u0131 bir hat\u0131ra de\u011fil, her g\u00fcn yeniden kurulan bir de\u011fer oldu\u011funu g\u00f6sterir.<br>Bat\u0131 Trakya T\u00fcrk Az\u0131nl\u0131\u011f\u0131 da bu anlamda \u00f6nemli bir \u00f6rnek sunar. Y\u0131llard\u0131r ayn\u0131 co\u011frafyada varl\u0131\u011f\u0131n\u0131 s\u00fcrd\u00fcren bu az\u0131nl\u0131k, dilini, inan\u00e7lar\u0131n\u0131, geleneklerini ve toplumsal haf\u0131zas\u0131n\u0131 koruyarak k\u00fclt\u00fcrel s\u00fcreklili\u011fin canl\u0131 bir temsilcisi olmu\u015ftur. Bayramlar, aile yap\u0131s\u0131, s\u00f6zl\u00fc k\u00fclt\u00fcr ve e\u011fitim yoluyla aktar\u0131lan de\u011ferler, yaln\u0131zca bir toplulu\u011fun kimli\u011fini ya\u015fatmakla kalmaz; ayn\u0131 zamanda k\u00fclt\u00fcrel \u00e7e\u015fitlili\u011fin insanl\u0131k i\u00e7in ne kadar k\u0131ymetli oldu\u011funu da hat\u0131rlat\u0131r. Az\u0131nl\u0131klar\u0131n varl\u0131\u011f\u0131, k\u00fclt\u00fcrel miras\u0131n tek sesli de\u011fil, \u00e7ok katmanl\u0131 bir zenginlik oldu\u011funu g\u00f6sterir.<br>K\u00fclt\u00fcrel miras\u0131n korunmas\u0131, ge\u00e7mi\u015fi oldu\u011fu gibi saklamak de\u011fil; onu anlayarak gelece\u011fe ta\u015f\u0131makt\u0131r. Bu sorumluluk yaln\u0131z devletlere ya da kurumlara de\u011fil, toplumun t\u00fcm bireylerine aittir. Nitekim UNESCO gibi uluslararas\u0131 kurulu\u015flar\u0131n \u00e7al\u0131\u015fmalar\u0131, k\u00fclt\u00fcrel miras\u0131n insanl\u0131\u011f\u0131n ortak de\u011feri oldu\u011funu vurgular. \u00c7\u00fcnk\u00fc her k\u00fclt\u00fcr, insanl\u0131k tarihinin e\u015fsiz bir par\u00e7as\u0131d\u0131r.<br>Sonu\u00e7 olarak k\u00fclt\u00fcrel miras, hem \u00e7o\u011funluk toplumlar\u0131 hem de az\u0131nl\u0131k topluluklar\u0131 i\u00e7in bir kimlik ve s\u00fcreklilik meselesidir. Bat\u0131 Trakya T\u00fcrk Az\u0131nl\u0131\u011f\u0131n\u0131n k\u00fclt\u00fcrel varl\u0131\u011f\u0131, ge\u00e7mi\u015f ile gelecek aras\u0131nda kurulan k\u00f6pr\u00fcn\u00fcn ne kadar g\u00fc\u00e7l\u00fc olabilece\u011fini g\u00f6sterir. K\u00fclt\u00fcrel miras\u0131 ya\u015fatmak, farkl\u0131l\u0131klar\u0131 koruyarak ortak bir insanl\u0131k bilinci in\u015fa etmek demektir; bu bilin\u00e7, d\u00fcnyay\u0131 daha zengin, daha anlaml\u0131 ve daha kapsay\u0131c\u0131 k\u0131lar.&nbsp;<\/p>\n\n\n\n<p>Sevkan TAHS\u0130NO\u011eLU<\/p>\n","protected":false},"excerpt":{"rendered":"<p>K\u00d6KLER\u0130M\u0130ZDE YA\u015eAYAN M\u0130RAS K\u00fclt\u00fcrel miras, bir toplumun ge\u00e7mi\u015ften bug\u00fcne ta\u015f\u0131d\u0131\u011f\u0131 maddi ve manevi de\u011ferlerin toplam\u0131d\u0131r. Mimari eserler, dil, inan\u00e7 sistemi, gelenekler-g\u00f6renekler, m\u00fczik, sanat, mutfak ve g\u00fcnl\u00fck ya\u015fam al\u0131\u015fk\u0131nl\u0131klar\u0131 bu miras\u0131n par\u00e7alar\u0131d\u0131r. Bu miras yaln\u0131zca ge\u00e7mi\u015fe ait bir hat\u0131ra de\u011fildir; kimli\u011fimizi kuran, aidiyet duygumuzu besleyen ve gelece\u011fe nas\u0131l bakaca\u011f\u0131m\u0131z\u0131 \u015fekillendiren canl\u0131 bir kaynakt\u0131r. Bir toplum, haf\u0131zas\u0131n\u0131<\/p>\n<div class=\"read-more\"><a href=\"https:\/\/www.btaytd.org\/web\/tr\/pusula-dergisi-subat-2026-sayisi-kultur-sanat\/\" title=\"Read More\">Read More<\/a><\/div>\n","protected":false},"author":8,"featured_media":11555,"comment_status":"closed","ping_status":"closed","sticky":false,"template":"","format":"standard","meta":{"footnotes":""},"categories":[44,94,88],"tags":[],"class_list":{"0":"post-11554","1":"post","2":"type-post","3":"status-publish","4":"format-standard","5":"has-post-thumbnail","7":"category-alt-kurullar","8":"category-fotograflar","9":"category-haberler"},"_links":{"self":[{"href":"https:\/\/www.btaytd.org\/web\/wp-json\/wp\/v2\/posts\/11554"}],"collection":[{"href":"https:\/\/www.btaytd.org\/web\/wp-json\/wp\/v2\/posts"}],"about":[{"href":"https:\/\/www.btaytd.org\/web\/wp-json\/wp\/v2\/types\/post"}],"author":[{"embeddable":true,"href":"https:\/\/www.btaytd.org\/web\/wp-json\/wp\/v2\/users\/8"}],"replies":[{"embeddable":true,"href":"https:\/\/www.btaytd.org\/web\/wp-json\/wp\/v2\/comments?post=11554"}],"version-history":[{"count":1,"href":"https:\/\/www.btaytd.org\/web\/wp-json\/wp\/v2\/posts\/11554\/revisions"}],"predecessor-version":[{"id":11556,"href":"https:\/\/www.btaytd.org\/web\/wp-json\/wp\/v2\/posts\/11554\/revisions\/11556"}],"wp:featuredmedia":[{"embeddable":true,"href":"https:\/\/www.btaytd.org\/web\/wp-json\/wp\/v2\/media\/11555"}],"wp:attachment":[{"href":"https:\/\/www.btaytd.org\/web\/wp-json\/wp\/v2\/media?parent=11554"}],"wp:term":[{"taxonomy":"category","embeddable":true,"href":"https:\/\/www.btaytd.org\/web\/wp-json\/wp\/v2\/categories?post=11554"},{"taxonomy":"post_tag","embeddable":true,"href":"https:\/\/www.btaytd.org\/web\/wp-json\/wp\/v2\/tags?post=11554"}],"curies":[{"name":"wp","href":"https:\/\/api.w.org\/{rel}","templated":true}]}}