{"id":11557,"date":"2026-03-13T14:18:26","date_gmt":"2026-03-13T14:18:26","guid":{"rendered":"https:\/\/www.btaytd.org\/web\/?p=11557"},"modified":"2026-03-13T14:18:35","modified_gmt":"2026-03-13T14:18:35","slug":"lise-ogrencilerine-yonelik-degerlendirme-yolunda-gelecege-atilan-adim-baslikli-sunumun-ilk-oturumu-gerceklestirildi","status":"publish","type":"post","link":"https:\/\/www.btaytd.org\/web\/tr\/lise-ogrencilerine-yonelik-degerlendirme-yolunda-gelecege-atilan-adim-baslikli-sunumun-ilk-oturumu-gerceklestirildi\/","title":{"rendered":"Lise \u00a0\u00d6\u011frencilerine Y\u00f6nelik \u201cDe\u011ferlendirme Yolunda Gelece\u011fe At\u0131lan Ad\u0131m\u201d Ba\u015fl\u0131kl\u0131 Sunumun \u0130lk Oturumu Ger\u00e7ekle\u015ftirildi"},"content":{"rendered":"\n<p>Bat\u0131 Trakya Az\u0131nl\u0131\u011f\u0131 Y\u00fcksek Tahsilliler Derne\u011fi b\u00fcnyesinde faaliyet g\u00f6steren Mesleki Tan\u0131t\u0131m ve Rehberlik Kolu taraf\u0131ndan, 13 Mart Cuma g\u00fcn\u00fc saat 12.30\u2019da&nbsp; bir grup lise son s\u0131n\u0131f \u00f6\u011frencisine y\u00f6nelik &nbsp;<strong>\u201cDe\u011ferlendirme Yolunda Gelece\u011fe At\u0131lan Ad\u0131m-1\u201d<\/strong> ba\u015fl\u0131kl\u0131 bir sunum d\u00fczenlendi.<\/p>\n\n\n\n<p>Ger\u00e7ekle\u015ftirilen sunumda, de\u011ferlendirme s\u00fcrecinde dikkat edilmesi gereken konular ele al\u0131nd\u0131. G\u00f6r\u00fc\u015fmenin ba\u015far\u0131l\u0131 bir sonu\u00e7 getirmesi i\u00e7in, \u00f6zen g\u00f6sterilmesi gereken temel noktalara de\u011finildi. Yap\u0131labilecek \u00f6n haz\u0131rl\u0131k, zaman y\u00f6netimi, beden dili, etkin dinleme ve cevaplama konular\u0131 ele al\u0131nd\u0131.<\/p>\n\n\n\n<p>Bilgilendirici ve etkile\u015fimli bir ortamda ger\u00e7ekle\u015fen sunum, \u00f6\u011frencilerin sorular\u0131n\u0131n cevaplanmas\u0131n\u0131n ard\u0131ndan sona erdi.<\/p>\n","protected":false},"excerpt":{"rendered":"<p>Bat\u0131 Trakya Az\u0131nl\u0131\u011f\u0131 Y\u00fcksek Tahsilliler Derne\u011fi b\u00fcnyesinde faaliyet g\u00f6steren Mesleki Tan\u0131t\u0131m ve Rehberlik Kolu taraf\u0131ndan, 13 Mart Cuma g\u00fcn\u00fc saat 12.30\u2019da&nbsp; bir grup lise son s\u0131n\u0131f \u00f6\u011frencisine y\u00f6nelik &nbsp;\u201cDe\u011ferlendirme Yolunda Gelece\u011fe At\u0131lan Ad\u0131m-1\u201d ba\u015fl\u0131kl\u0131 bir sunum d\u00fczenlendi. Ger\u00e7ekle\u015ftirilen sunumda, de\u011ferlendirme s\u00fcrecinde dikkat edilmesi gereken konular ele al\u0131nd\u0131. G\u00f6r\u00fc\u015fmenin ba\u015far\u0131l\u0131 bir sonu\u00e7 getirmesi i\u00e7in, \u00f6zen g\u00f6sterilmesi<\/p>\n<div class=\"read-more\"><a href=\"https:\/\/www.btaytd.org\/web\/tr\/lise-ogrencilerine-yonelik-degerlendirme-yolunda-gelecege-atilan-adim-baslikli-sunumun-ilk-oturumu-gerceklestirildi\/\" title=\"Read More\">Read More<\/a><\/div>\n","protected":false},"author":8,"featured_media":11558,"comment_status":"closed","ping_status":"closed","sticky":false,"template":"","format":"standard","meta":{"footnotes":""},"categories":[44,94,88,62],"tags":[],"class_list":{"0":"post-11557","1":"post","2":"type-post","3":"status-publish","4":"format-standard","5":"has-post-thumbnail","7":"category-alt-kurullar","8":"category-fotograflar","9":"category-haberler","10":"category-mesleki-rehberlik"},"_links":{"self":[{"href":"https:\/\/www.btaytd.org\/web\/wp-json\/wp\/v2\/posts\/11557"}],"collection":[{"href":"https:\/\/www.btaytd.org\/web\/wp-json\/wp\/v2\/posts"}],"about":[{"href":"https:\/\/www.btaytd.org\/web\/wp-json\/wp\/v2\/types\/post"}],"author":[{"embeddable":true,"href":"https:\/\/www.btaytd.org\/web\/wp-json\/wp\/v2\/users\/8"}],"replies":[{"embeddable":true,"href":"https:\/\/www.btaytd.org\/web\/wp-json\/wp\/v2\/comments?post=11557"}],"version-history":[{"count":1,"href":"https:\/\/www.btaytd.org\/web\/wp-json\/wp\/v2\/posts\/11557\/revisions"}],"predecessor-version":[{"id":11559,"href":"https:\/\/www.btaytd.org\/web\/wp-json\/wp\/v2\/posts\/11557\/revisions\/11559"}],"wp:featuredmedia":[{"embeddable":true,"href":"https:\/\/www.btaytd.org\/web\/wp-json\/wp\/v2\/media\/11558"}],"wp:attachment":[{"href":"https:\/\/www.btaytd.org\/web\/wp-json\/wp\/v2\/media?parent=11557"}],"wp:term":[{"taxonomy":"category","embeddable":true,"href":"https:\/\/www.btaytd.org\/web\/wp-json\/wp\/v2\/categories?post=11557"},{"taxonomy":"post_tag","embeddable":true,"href":"https:\/\/www.btaytd.org\/web\/wp-json\/wp\/v2\/tags?post=11557"}],"curies":[{"name":"wp","href":"https:\/\/api.w.org\/{rel}","templated":true}]}}