{"id":12568,"date":"2026-09-02T18:00:04","date_gmt":"2026-09-02T18:00:04","guid":{"rendered":"https:\/\/www.btaytd.org\/web\/?p=12568"},"modified":"2026-09-02T18:00:09","modified_gmt":"2026-09-02T18:00:09","slug":"ismail-molla-rodoplu-6-olum-yil-donumunde-anildi","status":"publish","type":"post","link":"https:\/\/www.btaytd.org\/web\/tr\/ismail-molla-rodoplu-6-olum-yil-donumunde-anildi\/","title":{"rendered":"\u0130SMA\u0130L MOLLA RODOPLU 6.\u00d6L\u00dcM YIL D\u00d6N\u00dcM\u00dcNDE ANILDI"},"content":{"rendered":"\n<p>Bat\u0131 Trakya Az\u0131nl\u0131\u011f\u0131 Y\u00fcksek Tahsilliler Derne\u011fi kurucu \u00fcyelerinden ve en uzun s\u00fcre ba\u015fkanl\u0131k yapm\u0131\u015f olan, ayn\u0131 zamanda Rodop ili eski ba\u011f\u0131ms\u0131z milletvekili \u0130smail Molla Rodoplu, vefat\u0131n\u0131n alt\u0131nc\u0131 y\u0131l d\u00f6n\u00fcm\u00fc vesilesi ile 2 Eyl\u00fcl \u00c7ar\u015famba g\u00fcn\u00fc do\u011fum yeri olan<\/p>\n\n\n\n<p>G\u00fcm\u00fclcine\u2019ye ba\u011fl\u0131 Semetli k\u00f6y\u00fc mezarl\u0131\u011f\u0131ndaki kabri ba\u015f\u0131nda derne\u011fimiz taraf\u0131ndan d\u00fczenlenen anma t\u00f6reni ile an\u0131ld\u0131. T\u00f6rende Seher Ahmet, \u0130smail Molla Rodoplu\u2019nun \u00f6zge\u00e7mi\u015fini okudu. G\u00fcm\u00fclcine M\u00fcft\u00fcl\u00fc\u011f\u00fcne ba\u011fl\u0131 din g\u00f6revlisi Nihat Kaplan ise Kur\u2019an-\u0131 Kerim okudu ve ard\u0131ndan dua yapt\u0131. Bat\u0131 Trakya Az\u0131nl\u0131\u011f\u0131 Y\u00fcksek Tahsilliler Derne\u011fi Ba\u015fkan\u0131 Zeynep Tevfiko\u011flu`nun konu\u015fma yapt\u0131\u011f\u0131 anma t\u00f6renine, kurum ve kurulu\u015f ba\u015fkanlar\u0131, yerel y\u00f6neticiler ve soyda\u015flar\u0131m\u0131z kat\u0131ld\u0131.<\/p>\n\n\n\n<figure class=\"wp-block-gallery has-nested-images columns-default is-cropped wp-block-gallery-1 is-layout-flex wp-block-gallery-is-layout-flex\">\n<figure class=\"wp-block-image size-large\"><img loading=\"lazy\" decoding=\"async\" width=\"1024\" height=\"461\" data-id=\"12570\" src=\"https:\/\/www.btaytd.org\/web\/wp-content\/uploads\/2026\/09\/WhatsApp-Image-2026-09-02-at-7.42.37-PM-1024x461.jpeg\" alt=\"\" class=\"wp-image-12570\" srcset=\"https:\/\/www.btaytd.org\/web\/wp-content\/uploads\/2026\/09\/WhatsApp-Image-2026-09-02-at-7.42.37-PM-1024x461.jpeg 1024w, https:\/\/www.btaytd.org\/web\/wp-content\/uploads\/2026\/09\/WhatsApp-Image-2026-09-02-at-7.42.37-PM-300x135.jpeg 300w, https:\/\/www.btaytd.org\/web\/wp-content\/uploads\/2026\/09\/WhatsApp-Image-2026-09-02-at-7.42.37-PM-768x346.jpeg 768w, https:\/\/www.btaytd.org\/web\/wp-content\/uploads\/2026\/09\/WhatsApp-Image-2026-09-02-at-7.42.37-PM-1536x691.jpeg 1536w, https:\/\/www.btaytd.org\/web\/wp-content\/uploads\/2026\/09\/WhatsApp-Image-2026-09-02-at-7.42.37-PM.jpeg 1600w\" sizes=\"(max-width: 1024px) 100vw, 1024px\" \/><\/figure>\n\n\n\n<figure class=\"wp-block-image size-large\"><img loading=\"lazy\" decoding=\"async\" width=\"1024\" height=\"461\" data-id=\"12571\" src=\"https:\/\/www.btaytd.org\/web\/wp-content\/uploads\/2026\/09\/WhatsApp-Image-2026-09-02-at-7.42.38-PM-1024x461.jpeg\" alt=\"\" class=\"wp-image-12571\" srcset=\"https:\/\/www.btaytd.org\/web\/wp-content\/uploads\/2026\/09\/WhatsApp-Image-2026-09-02-at-7.42.38-PM-1024x461.jpeg 1024w, https:\/\/www.btaytd.org\/web\/wp-content\/uploads\/2026\/09\/WhatsApp-Image-2026-09-02-at-7.42.38-PM-300x135.jpeg 300w, https:\/\/www.btaytd.org\/web\/wp-content\/uploads\/2026\/09\/WhatsApp-Image-2026-09-02-at-7.42.38-PM-768x346.jpeg 768w, https:\/\/www.btaytd.org\/web\/wp-content\/uploads\/2026\/09\/WhatsApp-Image-2026-09-02-at-7.42.38-PM-1536x691.jpeg 1536w, https:\/\/www.btaytd.org\/web\/wp-content\/uploads\/2026\/09\/WhatsApp-Image-2026-09-02-at-7.42.38-PM.jpeg 1600w\" sizes=\"(max-width: 1024px) 100vw, 1024px\" \/><\/figure>\n\n\n\n<figure class=\"wp-block-image size-large\"><img loading=\"lazy\" decoding=\"async\" width=\"1024\" height=\"461\" data-id=\"12572\" src=\"https:\/\/www.btaytd.org\/web\/wp-content\/uploads\/2026\/09\/WhatsApp-Image-2026-09-02-at-7.42.34-PM-1024x461.jpeg\" alt=\"\" class=\"wp-image-12572\" srcset=\"https:\/\/www.btaytd.org\/web\/wp-content\/uploads\/2026\/09\/WhatsApp-Image-2026-09-02-at-7.42.34-PM-1024x461.jpeg 1024w, https:\/\/www.btaytd.org\/web\/wp-content\/uploads\/2026\/09\/WhatsApp-Image-2026-09-02-at-7.42.34-PM-300x135.jpeg 300w, https:\/\/www.btaytd.org\/web\/wp-content\/uploads\/2026\/09\/WhatsApp-Image-2026-09-02-at-7.42.34-PM-768x346.jpeg 768w, https:\/\/www.btaytd.org\/web\/wp-content\/uploads\/2026\/09\/WhatsApp-Image-2026-09-02-at-7.42.34-PM-1536x691.jpeg 1536w, https:\/\/www.btaytd.org\/web\/wp-content\/uploads\/2026\/09\/WhatsApp-Image-2026-09-02-at-7.42.34-PM.jpeg 1600w\" sizes=\"(max-width: 1024px) 100vw, 1024px\" \/><\/figure>\n\n\n\n<figure class=\"wp-block-image size-large\"><img loading=\"lazy\" decoding=\"async\" width=\"1024\" height=\"461\" data-id=\"12573\" src=\"https:\/\/www.btaytd.org\/web\/wp-content\/uploads\/2026\/09\/WhatsApp-Image-2026-09-02-at-7.42.39-PM-1024x461.jpeg\" alt=\"\" class=\"wp-image-12573\" srcset=\"https:\/\/www.btaytd.org\/web\/wp-content\/uploads\/2026\/09\/WhatsApp-Image-2026-09-02-at-7.42.39-PM-1024x461.jpeg 1024w, https:\/\/www.btaytd.org\/web\/wp-content\/uploads\/2026\/09\/WhatsApp-Image-2026-09-02-at-7.42.39-PM-300x135.jpeg 300w, https:\/\/www.btaytd.org\/web\/wp-content\/uploads\/2026\/09\/WhatsApp-Image-2026-09-02-at-7.42.39-PM-768x346.jpeg 768w, https:\/\/www.btaytd.org\/web\/wp-content\/uploads\/2026\/09\/WhatsApp-Image-2026-09-02-at-7.42.39-PM-1536x691.jpeg 1536w, https:\/\/www.btaytd.org\/web\/wp-content\/uploads\/2026\/09\/WhatsApp-Image-2026-09-02-at-7.42.39-PM.jpeg 1600w\" sizes=\"(max-width: 1024px) 100vw, 1024px\" \/><\/figure>\n\n\n\n<figure class=\"wp-block-image size-large\"><img loading=\"lazy\" decoding=\"async\" width=\"1024\" height=\"682\" data-id=\"12574\" src=\"https:\/\/www.btaytd.org\/web\/wp-content\/uploads\/2026\/09\/gndm1788369786-1024x682.jpg\" alt=\"\" class=\"wp-image-12574\" srcset=\"https:\/\/www.btaytd.org\/web\/wp-content\/uploads\/2026\/09\/gndm1788369786-1024x682.jpg 1024w, https:\/\/www.btaytd.org\/web\/wp-content\/uploads\/2026\/09\/gndm1788369786-300x200.jpg 300w, https:\/\/www.btaytd.org\/web\/wp-content\/uploads\/2026\/09\/gndm1788369786-768x512.jpg 768w, https:\/\/www.btaytd.org\/web\/wp-content\/uploads\/2026\/09\/gndm1788369786-1536x1023.jpg 1536w, https:\/\/www.btaytd.org\/web\/wp-content\/uploads\/2026\/09\/gndm1788369786-272x182.jpg 272w, https:\/\/www.btaytd.org\/web\/wp-content\/uploads\/2026\/09\/gndm1788369786.jpg 1600w\" sizes=\"(max-width: 1024px) 100vw, 1024px\" \/><\/figure>\n<\/figure>\n","protected":false},"excerpt":{"rendered":"<p>Bat\u0131 Trakya Az\u0131nl\u0131\u011f\u0131 Y\u00fcksek Tahsilliler Derne\u011fi kurucu \u00fcyelerinden ve en uzun s\u00fcre ba\u015fkanl\u0131k yapm\u0131\u015f olan, ayn\u0131 zamanda Rodop ili eski ba\u011f\u0131ms\u0131z milletvekili \u0130smail Molla Rodoplu, vefat\u0131n\u0131n alt\u0131nc\u0131 y\u0131l d\u00f6n\u00fcm\u00fc vesilesi ile 2 Eyl\u00fcl \u00c7ar\u015famba g\u00fcn\u00fc do\u011fum yeri olan G\u00fcm\u00fclcine\u2019ye ba\u011fl\u0131 Semetli k\u00f6y\u00fc mezarl\u0131\u011f\u0131ndaki kabri ba\u015f\u0131nda derne\u011fimiz taraf\u0131ndan d\u00fczenlenen anma t\u00f6reni ile an\u0131ld\u0131. T\u00f6rende Seher Ahmet,<\/p>\n<div class=\"read-more\"><a href=\"https:\/\/www.btaytd.org\/web\/tr\/ismail-molla-rodoplu-6-olum-yil-donumunde-anildi\/\" title=\"Read More\">Read More<\/a><\/div>\n","protected":false},"author":8,"featured_media":12569,"comment_status":"closed","ping_status":"closed","sticky":false,"template":"","format":"standard","meta":{"footnotes":""},"categories":[94,88],"tags":[],"class_list":{"0":"post-12568","1":"post","2":"type-post","3":"status-publish","4":"format-standard","5":"has-post-thumbnail","7":"category-fotograflar","8":"category-haberler"},"_links":{"self":[{"href":"https:\/\/www.btaytd.org\/web\/wp-json\/wp\/v2\/posts\/12568"}],"collection":[{"href":"https:\/\/www.btaytd.org\/web\/wp-json\/wp\/v2\/posts"}],"about":[{"href":"https:\/\/www.btaytd.org\/web\/wp-json\/wp\/v2\/types\/post"}],"author":[{"embeddable":true,"href":"https:\/\/www.btaytd.org\/web\/wp-json\/wp\/v2\/users\/8"}],"replies":[{"embeddable":true,"href":"https:\/\/www.btaytd.org\/web\/wp-json\/wp\/v2\/comments?post=12568"}],"version-history":[{"count":1,"href":"https:\/\/www.btaytd.org\/web\/wp-json\/wp\/v2\/posts\/12568\/revisions"}],"predecessor-version":[{"id":12575,"href":"https:\/\/www.btaytd.org\/web\/wp-json\/wp\/v2\/posts\/12568\/revisions\/12575"}],"wp:featuredmedia":[{"embeddable":true,"href":"https:\/\/www.btaytd.org\/web\/wp-json\/wp\/v2\/media\/12569"}],"wp:attachment":[{"href":"https:\/\/www.btaytd.org\/web\/wp-json\/wp\/v2\/media?parent=12568"}],"wp:term":[{"taxonomy":"category","embeddable":true,"href":"https:\/\/www.btaytd.org\/web\/wp-json\/wp\/v2\/categories?post=12568"},{"taxonomy":"post_tag","embeddable":true,"href":"https:\/\/www.btaytd.org\/web\/wp-json\/wp\/v2\/tags?post=12568"}],"curies":[{"name":"wp","href":"https:\/\/api.w.org\/{rel}","templated":true}]}}