{"id":1389,"date":"2019-09-15T16:01:10","date_gmt":"2019-09-15T16:01:10","guid":{"rendered":"https:\/\/www.btaytd.org\/web\/?p=1389"},"modified":"2019-09-15T22:01:09","modified_gmt":"2019-09-15T22:01:09","slug":"genc-akademisyenler-toplulugu-kultur-gezisi","status":"publish","type":"post","link":"https:\/\/www.btaytd.org\/web\/tr\/genc-akademisyenler-toplulugu-kultur-gezisi\/","title":{"rendered":"GEN\u00c7 AKADEM\u0130SYENLER TOPLULU\u011eU K\u00dcLT\u00dcR GEZ\u0130S\u0130"},"content":{"rendered":"\n<p> Bat\u0131 Trakya Az\u0131nl\u0131\u011f\u0131 Y\u00fcksek Tahsilliler Derne\u011fi b\u00fcnyesinde faaliyet y\u00fcr\u00fcten Gen\u00e7 Akademisyenler Toplulu\u011funa \u00fcye 20 \u00f6\u011frenci 19-22 Nisan 2019 tarihleri aras\u0131nda K\u00fclt\u00fcr Gezisi ger\u00e7ekle\u015ftirdi. Gezi kapsam\u0131nda 20 Nisan 2019 Cumartesi g\u00fcn\u00fc Karab\u00fck\/Safranbolu\u2019da ger\u00e7ekle\u015fen T\u00fcrk D\u00fcnyas\u0131 Gen\u00e7lik Kurultay\u0131\u2019nda Bat\u0131 Trakya\u2019m\u0131z\u0131 temsilen yer ald\u0131lar. Y\u00f6resel k\u0131yafetlerimizi giyen \u00f6\u011frencilerimiz kurultay boyunca standlarda Bat\u0131 Trakya\u2019ya \u00f6zg\u00fc \u00e7e\u015fitli yiyecek,giyecekleri vs tan\u0131tm\u0131\u015flard\u0131r.<br><\/p>\n\n\n\n<p>&nbsp; Ayn\u0131 zamanda Safranbolu\u2019nun Cam Teras ve Tokatl\u0131 Kanyonu ba\u015fta olmak \u00fczere \u00e7e\u015fitli tarihi ve k\u00fclt\u00fcrel miraslar\u0131n\u0131 ziyaret etmi\u015flerdir.<\/p>\n\n\n\n<p>&nbsp; Gezi boyunca Maturidi Yesevi Ota\u011f\u0131 taraf\u0131ndan a\u011f\u0131rlanan \u00f6\u011frencilerimiz bu geziden son derece memnun kalm\u0131\u015flard\u0131r. B\u00f6ylece d\u00fczenlenen gezimiz hedefine ula\u015fm\u0131\u015ft\u0131r.<\/p>\n","protected":false},"excerpt":{"rendered":"<p>Bat\u0131 Trakya Az\u0131nl\u0131\u011f\u0131 Y\u00fcksek Tahsilliler Derne\u011fi b\u00fcnyesinde faaliyet y\u00fcr\u00fcten Gen\u00e7 Akademisyenler Toplulu\u011funa \u00fcye 20 \u00f6\u011frenci 19-22 Nisan 2019 tarihleri aras\u0131nda K\u00fclt\u00fcr Gezisi ger\u00e7ekle\u015ftirdi. Gezi kapsam\u0131nda 20 Nisan 2019 Cumartesi g\u00fcn\u00fc Karab\u00fck\/Safranbolu\u2019da ger\u00e7ekle\u015fen T\u00fcrk D\u00fcnyas\u0131 Gen\u00e7lik Kurultay\u0131\u2019nda Bat\u0131 Trakya\u2019m\u0131z\u0131 temsilen yer ald\u0131lar. Y\u00f6resel k\u0131yafetlerimizi giyen \u00f6\u011frencilerimiz kurultay boyunca standlarda Bat\u0131 Trakya\u2019ya \u00f6zg\u00fc \u00e7e\u015fitli yiyecek,giyecekleri vs tan\u0131tm\u0131\u015flard\u0131r.<\/p>\n<div class=\"read-more\"><a href=\"https:\/\/www.btaytd.org\/web\/tr\/genc-akademisyenler-toplulugu-kultur-gezisi\/\" title=\"Read More\">Read More<\/a><\/div>\n","protected":false},"author":4,"featured_media":1390,"comment_status":"open","ping_status":"open","sticky":false,"template":"","format":"standard","meta":{"footnotes":""},"categories":[44,90,60],"tags":[],"class_list":{"0":"post-1389","1":"post","2":"type-post","3":"status-publish","4":"format-standard","5":"has-post-thumbnail","7":"category-alt-kurullar","8":"category-etkinlikler","9":"category-genc-akademisyenler-toplulugu"},"_links":{"self":[{"href":"https:\/\/www.btaytd.org\/web\/wp-json\/wp\/v2\/posts\/1389"}],"collection":[{"href":"https:\/\/www.btaytd.org\/web\/wp-json\/wp\/v2\/posts"}],"about":[{"href":"https:\/\/www.btaytd.org\/web\/wp-json\/wp\/v2\/types\/post"}],"author":[{"embeddable":true,"href":"https:\/\/www.btaytd.org\/web\/wp-json\/wp\/v2\/users\/4"}],"replies":[{"embeddable":true,"href":"https:\/\/www.btaytd.org\/web\/wp-json\/wp\/v2\/comments?post=1389"}],"version-history":[{"count":1,"href":"https:\/\/www.btaytd.org\/web\/wp-json\/wp\/v2\/posts\/1389\/revisions"}],"predecessor-version":[{"id":1391,"href":"https:\/\/www.btaytd.org\/web\/wp-json\/wp\/v2\/posts\/1389\/revisions\/1391"}],"wp:featuredmedia":[{"embeddable":true,"href":"https:\/\/www.btaytd.org\/web\/wp-json\/wp\/v2\/media\/1390"}],"wp:attachment":[{"href":"https:\/\/www.btaytd.org\/web\/wp-json\/wp\/v2\/media?parent=1389"}],"wp:term":[{"taxonomy":"category","embeddable":true,"href":"https:\/\/www.btaytd.org\/web\/wp-json\/wp\/v2\/categories?post=1389"},{"taxonomy":"post_tag","embeddable":true,"href":"https:\/\/www.btaytd.org\/web\/wp-json\/wp\/v2\/tags?post=1389"}],"curies":[{"name":"wp","href":"https:\/\/api.w.org\/{rel}","templated":true}]}}