{"id":1400,"date":"2019-09-15T16:05:59","date_gmt":"2019-09-15T16:05:59","guid":{"rendered":"https:\/\/www.btaytd.org\/web\/?p=1400"},"modified":"2019-09-15T21:59:55","modified_gmt":"2019-09-15T21:59:55","slug":"dernegimize-nezaket-ziyaretleri","status":"publish","type":"post","link":"https:\/\/www.btaytd.org\/web\/tr\/dernegimize-nezaket-ziyaretleri\/","title":{"rendered":"DERNE\u011e\u0130M\u0130ZE NEZAKET Z\u0130YARETLER\u0130"},"content":{"rendered":"\n<p>15 Mart 2019 tarihinde Do\u011fu Makedonya-Trakya Eyaletine \u2018Periferiaki Sinthesi\u2019 listesinden meclis \u00fcyesi aday\u0131 Av.Cihan \u0130MAMO\u011eLU, 24 Nisan 2019 tarihinde G\u00fcm\u00fclcine Belediye Ba\u015fkan aday\u0131 Giannis GKARAN\u0130S ve \u2018Kinonia Politon\u2019 Listesinin Az\u0131nl\u0131k adaylar\u0131, 9 May\u0131s 2019 g\u00fcn\u00fc Enosi Kentroon partisinden AP Milletvekili aday\u0131 Dr. Lidia IOANNIDOU-MOUZAKA,   10 May\u0131s 2019 \u0130ske\u00e7e Belediye  Ba\u015fkan Aday\u0131 Savvas MELISOPOULOS&#8217;un \u2018Xanthi Gia Olous\u2019 listesi meclis \u00fcyesi aday\u0131 ve hali haz\u0131rda \u0130ske\u00e7e meclis \u00fcyesi olan eski ba\u015fkanlar\u0131m\u0131zdan Av. Ahmet KARA derne\u011fimizi ziyaret etmi\u015flerdir.<\/p>\n","protected":false},"excerpt":{"rendered":"<p>15 Mart 2019 tarihinde Do\u011fu Makedonya-Trakya Eyaletine \u2018Periferiaki Sinthesi\u2019 listesinden meclis \u00fcyesi aday\u0131 Av.Cihan \u0130MAMO\u011eLU, 24 Nisan 2019 tarihinde G\u00fcm\u00fclcine Belediye Ba\u015fkan aday\u0131 Giannis GKARAN\u0130S ve \u2018Kinonia Politon\u2019 Listesinin Az\u0131nl\u0131k adaylar\u0131, 9 May\u0131s 2019 g\u00fcn\u00fc Enosi Kentroon partisinden AP Milletvekili aday\u0131 Dr. Lidia IOANNIDOU-MOUZAKA, 10 May\u0131s 2019 \u0130ske\u00e7e Belediye Ba\u015fkan Aday\u0131 Savvas MELISOPOULOS&#8217;un \u2018Xanthi Gia<\/p>\n<div class=\"read-more\"><a href=\"https:\/\/www.btaytd.org\/web\/tr\/dernegimize-nezaket-ziyaretleri\/\" title=\"Read More\">Read More<\/a><\/div>\n","protected":false},"author":4,"featured_media":1420,"comment_status":"open","ping_status":"open","sticky":false,"template":"","format":"standard","meta":{"footnotes":""},"categories":[44,46,88],"tags":[],"class_list":{"0":"post-1400","1":"post","2":"type-post","3":"status-publish","4":"format-standard","5":"has-post-thumbnail","7":"category-alt-kurullar","8":"category-dis-iliskiler-ve-insan-haklari","9":"category-haberler"},"_links":{"self":[{"href":"https:\/\/www.btaytd.org\/web\/wp-json\/wp\/v2\/posts\/1400"}],"collection":[{"href":"https:\/\/www.btaytd.org\/web\/wp-json\/wp\/v2\/posts"}],"about":[{"href":"https:\/\/www.btaytd.org\/web\/wp-json\/wp\/v2\/types\/post"}],"author":[{"embeddable":true,"href":"https:\/\/www.btaytd.org\/web\/wp-json\/wp\/v2\/users\/4"}],"replies":[{"embeddable":true,"href":"https:\/\/www.btaytd.org\/web\/wp-json\/wp\/v2\/comments?post=1400"}],"version-history":[{"count":1,"href":"https:\/\/www.btaytd.org\/web\/wp-json\/wp\/v2\/posts\/1400\/revisions"}],"predecessor-version":[{"id":1401,"href":"https:\/\/www.btaytd.org\/web\/wp-json\/wp\/v2\/posts\/1400\/revisions\/1401"}],"wp:featuredmedia":[{"embeddable":true,"href":"https:\/\/www.btaytd.org\/web\/wp-json\/wp\/v2\/media\/1420"}],"wp:attachment":[{"href":"https:\/\/www.btaytd.org\/web\/wp-json\/wp\/v2\/media?parent=1400"}],"wp:term":[{"taxonomy":"category","embeddable":true,"href":"https:\/\/www.btaytd.org\/web\/wp-json\/wp\/v2\/categories?post=1400"},{"taxonomy":"post_tag","embeddable":true,"href":"https:\/\/www.btaytd.org\/web\/wp-json\/wp\/v2\/tags?post=1400"}],"curies":[{"name":"wp","href":"https:\/\/api.w.org\/{rel}","templated":true}]}}