{"id":1431,"date":"2019-09-15T19:50:53","date_gmt":"2019-09-15T19:50:53","guid":{"rendered":"https:\/\/www.btaytd.org\/web\/?p=1431"},"modified":"2019-09-15T21:55:58","modified_gmt":"2019-09-15T21:55:58","slug":"dr-sadik-ahmet-futbol-turnuvasi","status":"publish","type":"post","link":"https:\/\/www.btaytd.org\/web\/tr\/dr-sadik-ahmet-futbol-turnuvasi\/","title":{"rendered":"Dr. Sad\u0131k Ahmet Futbol Turnuvas\u0131"},"content":{"rendered":"\n<p>Gen\u00e7 Akademisyenler Toplulu\u011fu taraf\u0131ndan bu y\u0131l 11. D\u00fczenlenecek olan Dr. Sad\u0131k Ahmet Futbol Turnuvas\u0131 5 Temmuz Cuma g\u00fcn\u00fc ba\u015flay\u0131p 23 Temmuz Sal\u0131 g\u00fcn\u00fc sona erecektir. Tak\u0131mlar G.A.T \u015eehir Te\u015fkilatlar\u0131 ismi alt\u0131nda olu\u015fturulacakt\u0131r. M\u00fcsabakalar sekizer ki\u015fi (8&#215;8) olarak<br><\/p>\n\n\n\n<p>ger\u00e7ekle\u015ftirilecektir.<\/p>\n\n\n\n<p>\u00c7ekilen kuralar sonras\u0131 belirlenen Turnuva program\u0131 \u015fu \u015fekildedir:<\/p>\n\n\n\n<table class=\"wp-block-table\"><tbody><tr><td><strong><em>E\u015fle\u015fme Tarihi<\/em><\/strong><\/td><td><strong><em>Tak\u0131mlar<\/em><\/strong><\/td><td><strong><em>Saat<\/em><\/strong><\/td><\/tr><tr><td>5 Temmuz 2019<\/td><td>GAT Edirne &#8211; GAT Selanik<\/td><td>21:00 &#8211; 22:00<\/td><\/tr><tr><td><br><\/td><td>GAT Selanik II &#8211; GAT G\u00fcm\u00fclcine<\/td><td>22:00 &#8211; 23:00<\/td><\/tr><tr><td>7 Temmuz 2019<\/td><td>GAT Serres &#8211; GAT Kavala<\/td><td>21:00 &#8211; 22:00<\/td><\/tr><tr><td><br><\/td><td>GAT Selanik &#8211; GAT G\u00fcm\u00fclcine<\/td><td>22:00 &#8211; 23:00<\/td><\/tr><tr><td>10 Temmuz 2019<\/td><td>GAT Edirne &#8211; GAT Serres<\/td><td>21:00 &#8211; 22:00<\/td><\/tr><tr><td><br><\/td><td>GAT Selanik II &#8211; GAT Kavala<\/td><td>22:00 &#8211; 23:00<\/td><\/tr><tr><td>12 Temmuz 2019<\/td><td>GAT Edirne &#8211; GAT Selanik II<\/td><td>21:00 &#8211; 22:00<\/td><\/tr><tr><td><br><\/td><td>GAT Selanik &#8211; GAT Serres<\/td><td>22:00 &#8211; 23:00<\/td><\/tr><tr><td>14 Temmuz 2019<\/td><td>GAT G\u00fcm\u00fclcine &#8211; GAT Kavala<\/td><td>21:00 &#8211; 22:00<\/td><\/tr><tr><td><br><\/td><td>GAT Selanik II &#8211; GAT Serres<\/td><td>22:00 &#8211; 23:00<\/td><\/tr><tr><td>17 Temmuz 2019<\/td><td>GAT Edirne &#8211; GAT G\u00fcm\u00fclcine<\/td><td>21:00 &#8211; 22:00<\/td><\/tr><tr><td><br><\/td><td>GAT Selanik &#8211; GAT Kavala<\/td><td>22:00 &#8211; 23:00<\/td><\/tr><tr><td>19 Temmuz 2019<\/td><td>GAT Edirne &#8211; GAT Kavala<\/td><td>20:00 &#8211; 21:00<\/td><\/tr><tr><td><br><\/td><td>GAT Selanik &#8211; GAT Selanik II<\/td><td>21:00 &#8211; 22:00<\/td><\/tr><tr><td><br><\/td><td>GAT G\u00fcm\u00fclcine &#8211; GAT Serres<\/td><td>22:00 &#8211; 23:00<\/td><\/tr><tr><td>21 Temmuz 2019<\/td><td>Yar\u0131 Final<\/td><td>22:00 &#8211; 23:00<\/td><\/tr><tr><td>23 Temmuz 2019<\/td><td>Final<\/td><td>22:00 &#8211; 23:00<\/td><\/tr><\/tbody><\/table>\n\n\n\n<p>Yer: \u00c7epelli K\u00f6y\u00fc Futbol Sahas\u0131<\/p>\n","protected":false},"excerpt":{"rendered":"<p>Gen\u00e7 Akademisyenler Toplulu\u011fu taraf\u0131ndan bu y\u0131l 11. D\u00fczenlenecek olan Dr. Sad\u0131k Ahmet Futbol Turnuvas\u0131 5 Temmuz Cuma g\u00fcn\u00fc ba\u015flay\u0131p 23 Temmuz Sal\u0131 g\u00fcn\u00fc sona erecektir. Tak\u0131mlar G.A.T \u015eehir Te\u015fkilatlar\u0131 ismi alt\u0131nda olu\u015fturulacakt\u0131r. M\u00fcsabakalar sekizer ki\u015fi (8&#215;8) olarak ger\u00e7ekle\u015ftirilecektir. \u00c7ekilen kuralar sonras\u0131 belirlenen Turnuva program\u0131 \u015fu \u015fekildedir: E\u015fle\u015fme Tarihi Tak\u0131mlar Saat 5 Temmuz 2019 GAT Edirne<\/p>\n<div class=\"read-more\"><a href=\"https:\/\/www.btaytd.org\/web\/tr\/dr-sadik-ahmet-futbol-turnuvasi\/\" title=\"Read More\">Read More<\/a><\/div>\n","protected":false},"author":4,"featured_media":0,"comment_status":"open","ping_status":"open","sticky":false,"template":"","format":"standard","meta":{"footnotes":""},"categories":[15,90,60,88],"tags":[],"class_list":{"0":"post-1431","1":"post","2":"type-post","3":"status-publish","4":"format-standard","6":"category-duyurular","7":"category-etkinlikler","8":"category-genc-akademisyenler-toplulugu","9":"category-haberler"},"_links":{"self":[{"href":"https:\/\/www.btaytd.org\/web\/wp-json\/wp\/v2\/posts\/1431"}],"collection":[{"href":"https:\/\/www.btaytd.org\/web\/wp-json\/wp\/v2\/posts"}],"about":[{"href":"https:\/\/www.btaytd.org\/web\/wp-json\/wp\/v2\/types\/post"}],"author":[{"embeddable":true,"href":"https:\/\/www.btaytd.org\/web\/wp-json\/wp\/v2\/users\/4"}],"replies":[{"embeddable":true,"href":"https:\/\/www.btaytd.org\/web\/wp-json\/wp\/v2\/comments?post=1431"}],"version-history":[{"count":1,"href":"https:\/\/www.btaytd.org\/web\/wp-json\/wp\/v2\/posts\/1431\/revisions"}],"predecessor-version":[{"id":1432,"href":"https:\/\/www.btaytd.org\/web\/wp-json\/wp\/v2\/posts\/1431\/revisions\/1432"}],"wp:attachment":[{"href":"https:\/\/www.btaytd.org\/web\/wp-json\/wp\/v2\/media?parent=1431"}],"wp:term":[{"taxonomy":"category","embeddable":true,"href":"https:\/\/www.btaytd.org\/web\/wp-json\/wp\/v2\/categories?post=1431"},{"taxonomy":"post_tag","embeddable":true,"href":"https:\/\/www.btaytd.org\/web\/wp-json\/wp\/v2\/tags?post=1431"}],"curies":[{"name":"wp","href":"https:\/\/api.w.org\/{rel}","templated":true}]}}