{"id":1439,"date":"2019-09-15T19:55:02","date_gmt":"2019-09-15T19:55:02","guid":{"rendered":"https:\/\/www.btaytd.org\/web\/?p=1439"},"modified":"2019-09-15T21:53:59","modified_gmt":"2019-09-15T21:53:59","slug":"bati-trakya-azinligi-yuksek-tahsilliler-dernegi-genc-akademisyenler-toplulugu-9-genclik-festivali","status":"publish","type":"post","link":"https:\/\/www.btaytd.org\/web\/tr\/bati-trakya-azinligi-yuksek-tahsilliler-dernegi-genc-akademisyenler-toplulugu-9-genclik-festivali\/","title":{"rendered":"BATI TRAKYA AZINLI\u011eI Y\u00dcKSEK TAHS\u0130LL\u0130LER DERNE\u011e\u0130  GEN\u00c7 AKADEM\u0130SYENLER TOPLULU\u011eU 9. GEN\u00c7L\u0130K FEST\u0130VAL\u0130"},"content":{"rendered":"\n<p>31 Temmuz 2019 \u00c7ar\u015famba g\u00fcn\u00fc G\u00fcm\u00fclcine \u015eehir Meydan\u0131\u2019nda 9. Gen\u00e7lik festivali ger\u00e7ekle\u015fti. T\u00fcm halk\u0131m\u0131z festival s\u00fcresince hem yerel sanat\u00e7\u0131lar\u0131m\u0131z\u0131n hem de Mehmet ERDEM\u2019in seslendirdi\u011fi \u015fark\u0131lara e\u015flik etti. Festivale kat\u0131lan ve \u015fehir meydan\u0131nda olan herkes gecenin sonunda mutlu bir \u015fekilde ayr\u0131ld\u0131.<br><\/p>\n\n\n\n<p>Bat\u0131 Trakya Az\u0131nl\u0131\u011f\u0131 Y\u00fcksek Tahsilliler Derne\u011fi ve Gen\u00e7 Akademisyenler Toplulu\u011fu Y\u00f6netim Kurulu olarak festivalde bizleri yaln\u0131z b\u0131rakmayan yerel sanat\u00e7\u0131lar\u0131m\u0131za bir te\u015fekk\u00fcr\u00fc bor\u00e7 biliriz. Festivalin ba\u015flamas\u0131 ile sahneye ilk olarak DREAM TEAM grubu \u00e7\u0131kt\u0131. Grubun \u015fark\u0131lar\u0131 ile ba\u015flayan festival halk\u0131m\u0131z taraf\u0131ndan b\u00fcy\u00fck ilgi g\u00f6rd\u00fc. Grubun seslendirdi\u011fi \u015fark\u0131lara halk\u0131m\u0131z i\u00e7tenlikle e\u015flik etti.<\/p>\n\n\n\n<p>\u0130kinci olarak sahneyi T\u00fcrkiyeli sanat\u00e7\u0131m\u0131z Mehmet ERDEM ald\u0131. Sanat\u00e7\u0131m\u0131z\u0131n s\u00f6yledi\u011fi \u015fark\u0131lara halk\u0131m\u0131z b\u00fcy\u00fck ilgi g\u00f6sterdi. \u00dcnl\u00fc sanat\u00e7\u0131 \u015fehir meydan\u0131nda bulunan herkesi gecenin ge\u00e7 saatlerine kadar co\u015fturdu.<\/p>\n\n\n\n<p>Ayr\u0131ca 9. Gen\u00e7lik Festivali\u2019nin ger\u00e7ekle\u015fmesi i\u00e7in bizlere destek olan, yaln\u0131z b\u0131rakmayan de\u011ferli sponsorlar\u0131m\u0131za katk\u0131lar\u0131ndan dolay\u0131 minnettar\u0131z. \u015eehir meydan\u0131nda bulunan halk\u0131m\u0131za ise desteklerinden dolay\u0131 sonsuz te\u015fekk\u00fcrlerimizi sunar\u0131z.<\/p>\n","protected":false},"excerpt":{"rendered":"<p>31 Temmuz 2019 \u00c7ar\u015famba g\u00fcn\u00fc G\u00fcm\u00fclcine \u015eehir Meydan\u0131\u2019nda 9. Gen\u00e7lik festivali ger\u00e7ekle\u015fti. T\u00fcm halk\u0131m\u0131z festival s\u00fcresince hem yerel sanat\u00e7\u0131lar\u0131m\u0131z\u0131n hem de Mehmet ERDEM\u2019in seslendirdi\u011fi \u015fark\u0131lara e\u015flik etti. Festivale kat\u0131lan ve \u015fehir meydan\u0131nda olan herkes gecenin sonunda mutlu bir \u015fekilde ayr\u0131ld\u0131. Bat\u0131 Trakya Az\u0131nl\u0131\u011f\u0131 Y\u00fcksek Tahsilliler Derne\u011fi ve Gen\u00e7 Akademisyenler Toplulu\u011fu Y\u00f6netim Kurulu olarak festivalde bizleri<\/p>\n<div class=\"read-more\"><a href=\"https:\/\/www.btaytd.org\/web\/tr\/bati-trakya-azinligi-yuksek-tahsilliler-dernegi-genc-akademisyenler-toplulugu-9-genclik-festivali\/\" title=\"Read More\">Read More<\/a><\/div>\n","protected":false},"author":4,"featured_media":1443,"comment_status":"open","ping_status":"open","sticky":false,"template":"","format":"standard","meta":{"footnotes":""},"categories":[44,90,60,88],"tags":[],"class_list":{"0":"post-1439","1":"post","2":"type-post","3":"status-publish","4":"format-standard","5":"has-post-thumbnail","7":"category-alt-kurullar","8":"category-etkinlikler","9":"category-genc-akademisyenler-toplulugu","10":"category-haberler"},"_links":{"self":[{"href":"https:\/\/www.btaytd.org\/web\/wp-json\/wp\/v2\/posts\/1439"}],"collection":[{"href":"https:\/\/www.btaytd.org\/web\/wp-json\/wp\/v2\/posts"}],"about":[{"href":"https:\/\/www.btaytd.org\/web\/wp-json\/wp\/v2\/types\/post"}],"author":[{"embeddable":true,"href":"https:\/\/www.btaytd.org\/web\/wp-json\/wp\/v2\/users\/4"}],"replies":[{"embeddable":true,"href":"https:\/\/www.btaytd.org\/web\/wp-json\/wp\/v2\/comments?post=1439"}],"version-history":[{"count":1,"href":"https:\/\/www.btaytd.org\/web\/wp-json\/wp\/v2\/posts\/1439\/revisions"}],"predecessor-version":[{"id":1440,"href":"https:\/\/www.btaytd.org\/web\/wp-json\/wp\/v2\/posts\/1439\/revisions\/1440"}],"wp:featuredmedia":[{"embeddable":true,"href":"https:\/\/www.btaytd.org\/web\/wp-json\/wp\/v2\/media\/1443"}],"wp:attachment":[{"href":"https:\/\/www.btaytd.org\/web\/wp-json\/wp\/v2\/media?parent=1439"}],"wp:term":[{"taxonomy":"category","embeddable":true,"href":"https:\/\/www.btaytd.org\/web\/wp-json\/wp\/v2\/categories?post=1439"},{"taxonomy":"post_tag","embeddable":true,"href":"https:\/\/www.btaytd.org\/web\/wp-json\/wp\/v2\/tags?post=1439"}],"curies":[{"name":"wp","href":"https:\/\/api.w.org\/{rel}","templated":true}]}}