{"id":2508,"date":"2019-10-22T09:47:28","date_gmt":"2019-10-22T09:47:28","guid":{"rendered":"https:\/\/www.btaytd.org\/web\/?p=2508"},"modified":"2019-10-22T09:48:13","modified_gmt":"2019-10-22T09:48:13","slug":"panele-katilim","status":"publish","type":"post","link":"https:\/\/www.btaytd.org\/web\/tr\/panele-katilim\/","title":{"rendered":"PANELE KATILIM"},"content":{"rendered":"\n<p>Trakya \u00dcniversitesi E\u011fitim\nFak\u00fcltesi\u2019nde \u201c\u00c7ocuklar Hareket Ediyor: Okul\n\u00d6ncesi D\u00f6nem \u00c7ocuklar\u0131 i\u00e7in Motor Geli\u015fim Program\u0131: \u00d6zel Gereksinimli Okul\n\u00d6ncesi D\u00f6nem \u00c7ocuklar\u0131n\u0131n Okul Olgunlu\u011funu Destekleme\u201d ba\u015fl\u0131kl\u0131 panel\nprogram\u0131&nbsp;30-09-2019 tarihinde 13:30\u2019da\nTrakya \u00dcniversitesi Balkan Kongre Merkezi\u2019nde ger\u00e7ekle\u015ftirilmi\u015ftir.<\/p>\n\n\n\n<p>Derne\u011fimiz \u00fcyelerimizden bir\ngrup da bahsi konu panele kat\u0131l\u0131m sa\u011flam\u0131\u015ft\u0131r. <\/p>\n\n\n\n<p>Projenin devam eden s\u00fcre\u00e7lerinde\nara\u015ft\u0131rmac\u0131lar, ulusal ve uluslararas\u0131 d\u00fczeyde yay\u0131nlayacaklar\u0131 makalelerle,\nkat\u0131lacaklar\u0131 konferanslarda yapacaklar\u0131 sunumlarla, yay\u0131nlayacaklar\u0131\nkitaplarla ve d\u00fczenlemeyi planlad\u0131klar\u0131 panelle program\u0131n tan\u0131t\u0131m\u0131n\u0131 yapmay\u0131 ve\nt\u00fcm \u00e7ocuklar\u0131n faydalanabilmesi i\u00e7in \u00e7ok say\u0131da \u00f6\u011fretmene, e\u011fitimciye ula\u015fmay\u0131\nhedeflediklerini ifade etti.&nbsp;<\/p>\n\n\n\n<ul class=\"wp-block-gallery columns-3 is-cropped wp-block-gallery-1 is-layout-flex wp-block-gallery-is-layout-flex\"><li class=\"blocks-gallery-item\"><figure><img loading=\"lazy\" decoding=\"async\" width=\"1024\" height=\"590\" src=\"https:\/\/www.btaytd.org\/web\/wp-content\/uploads\/2019\/10\/2-1024x590.jpg\" alt=\"\" data-id=\"2510\" data-link=\"https:\/\/www.btaytd.org\/web\/?attachment_id=2510\" class=\"wp-image-2510\" srcset=\"https:\/\/www.btaytd.org\/web\/wp-content\/uploads\/2019\/10\/2-1024x590.jpg 1024w, https:\/\/www.btaytd.org\/web\/wp-content\/uploads\/2019\/10\/2-300x173.jpg 300w, https:\/\/www.btaytd.org\/web\/wp-content\/uploads\/2019\/10\/2-768x443.jpg 768w, https:\/\/www.btaytd.org\/web\/wp-content\/uploads\/2019\/10\/2.jpg 1280w\" sizes=\"(max-width: 1024px) 100vw, 1024px\" \/><\/figure><\/li><li class=\"blocks-gallery-item\"><figure><img loading=\"lazy\" decoding=\"async\" width=\"540\" height=\"960\" src=\"https:\/\/www.btaytd.org\/web\/wp-content\/uploads\/2019\/10\/3.jpg\" alt=\"\" data-id=\"2511\" data-link=\"https:\/\/www.btaytd.org\/web\/?attachment_id=2511\" class=\"wp-image-2511\" srcset=\"https:\/\/www.btaytd.org\/web\/wp-content\/uploads\/2019\/10\/3.jpg 540w, https:\/\/www.btaytd.org\/web\/wp-content\/uploads\/2019\/10\/3-169x300.jpg 169w\" sizes=\"(max-width: 540px) 100vw, 540px\" \/><\/figure><\/li><li class=\"blocks-gallery-item\"><figure><img loading=\"lazy\" decoding=\"async\" width=\"540\" height=\"960\" src=\"https:\/\/www.btaytd.org\/web\/wp-content\/uploads\/2019\/10\/4.jpg\" alt=\"\" data-id=\"2512\" data-link=\"https:\/\/www.btaytd.org\/web\/?attachment_id=2512\" class=\"wp-image-2512\" srcset=\"https:\/\/www.btaytd.org\/web\/wp-content\/uploads\/2019\/10\/4.jpg 540w, https:\/\/www.btaytd.org\/web\/wp-content\/uploads\/2019\/10\/4-169x300.jpg 169w\" sizes=\"(max-width: 540px) 100vw, 540px\" \/><\/figure><\/li><\/ul>\n","protected":false},"excerpt":{"rendered":"<p>Trakya \u00dcniversitesi E\u011fitim Fak\u00fcltesi\u2019nde \u201c\u00c7ocuklar Hareket Ediyor: Okul \u00d6ncesi D\u00f6nem \u00c7ocuklar\u0131 i\u00e7in Motor Geli\u015fim Program\u0131: \u00d6zel Gereksinimli Okul \u00d6ncesi D\u00f6nem \u00c7ocuklar\u0131n\u0131n Okul Olgunlu\u011funu Destekleme\u201d ba\u015fl\u0131kl\u0131 panel program\u0131&nbsp;30-09-2019 tarihinde 13:30\u2019da Trakya \u00dcniversitesi Balkan Kongre Merkezi\u2019nde ger\u00e7ekle\u015ftirilmi\u015ftir. Derne\u011fimiz \u00fcyelerimizden bir grup da bahsi konu panele kat\u0131l\u0131m sa\u011flam\u0131\u015ft\u0131r. Projenin devam eden s\u00fcre\u00e7lerinde ara\u015ft\u0131rmac\u0131lar, ulusal ve uluslararas\u0131 d\u00fczeyde yay\u0131nlayacaklar\u0131<\/p>\n<div class=\"read-more\"><a href=\"https:\/\/www.btaytd.org\/web\/tr\/panele-katilim\/\" title=\"Read More\">Read More<\/a><\/div>\n","protected":false},"author":8,"featured_media":2509,"comment_status":"open","ping_status":"open","sticky":false,"template":"","format":"standard","meta":{"footnotes":""},"categories":[44,72,88,56],"tags":[],"class_list":{"0":"post-2508","1":"post","2":"type-post","3":"status-publish","4":"format-standard","5":"has-post-thumbnail","7":"category-alt-kurullar","8":"category-egitim-tr","9":"category-haberler","10":"category-kadinlar-kolu"},"_links":{"self":[{"href":"https:\/\/www.btaytd.org\/web\/wp-json\/wp\/v2\/posts\/2508"}],"collection":[{"href":"https:\/\/www.btaytd.org\/web\/wp-json\/wp\/v2\/posts"}],"about":[{"href":"https:\/\/www.btaytd.org\/web\/wp-json\/wp\/v2\/types\/post"}],"author":[{"embeddable":true,"href":"https:\/\/www.btaytd.org\/web\/wp-json\/wp\/v2\/users\/8"}],"replies":[{"embeddable":true,"href":"https:\/\/www.btaytd.org\/web\/wp-json\/wp\/v2\/comments?post=2508"}],"version-history":[{"count":1,"href":"https:\/\/www.btaytd.org\/web\/wp-json\/wp\/v2\/posts\/2508\/revisions"}],"predecessor-version":[{"id":2513,"href":"https:\/\/www.btaytd.org\/web\/wp-json\/wp\/v2\/posts\/2508\/revisions\/2513"}],"wp:featuredmedia":[{"embeddable":true,"href":"https:\/\/www.btaytd.org\/web\/wp-json\/wp\/v2\/media\/2509"}],"wp:attachment":[{"href":"https:\/\/www.btaytd.org\/web\/wp-json\/wp\/v2\/media?parent=2508"}],"wp:term":[{"taxonomy":"category","embeddable":true,"href":"https:\/\/www.btaytd.org\/web\/wp-json\/wp\/v2\/categories?post=2508"},{"taxonomy":"post_tag","embeddable":true,"href":"https:\/\/www.btaytd.org\/web\/wp-json\/wp\/v2\/tags?post=2508"}],"curies":[{"name":"wp","href":"https:\/\/api.w.org\/{rel}","templated":true}]}}