{"id":2541,"date":"2019-11-13T12:00:26","date_gmt":"2019-11-13T12:00:26","guid":{"rendered":"https:\/\/www.btaytd.org\/web\/?p=2541"},"modified":"2019-11-13T12:00:28","modified_gmt":"2019-11-13T12:00:28","slug":"btaytd-kadinlar-kolu-ve-dinkler-hanimeli-derneginden-etkinlik","status":"publish","type":"post","link":"https:\/\/www.btaytd.org\/web\/tr\/btaytd-kadinlar-kolu-ve-dinkler-hanimeli-derneginden-etkinlik\/","title":{"rendered":"BTAYTD Kad\u0131nlar Kolu ve Dinkler Han\u0131meli Derne\u011fi\u2019nden Etkinlik"},"content":{"rendered":"\n<p>BTAYTD Kad\u0131nlar Kolu ile Dinkler Han\u0131meli\nDerne\u011fi, 12 Kas\u0131m 2019 Sal\u0131 ak\u015fam\u0131 ortakla\u015fa bir etkinlik d\u00fczenledi. Dinkler\nHan\u0131meli Derne\u011fi &#8216;nin lokalinde ger\u00e7ekle\u015fen etkinlikte,&nbsp; logoterapist Esma\nMustafa ve Merve \u0130smail &#8216;Logoterapi nedir? Hangi durumlarda logoterapiye\nihtiya\u00e7 duyulur? &#8221; konulu&nbsp; bir sunum ger\u00e7ekle\u015ftirdiler ve&nbsp;\nkonuyla ilgili sorular\u0131 yan\u0131tlad\u0131lar.&nbsp; Etkinli\u011fe T. C. G\u00fcm\u00fclcine\nBa\u015fkonsolos e\u015fi sn. Asl\u0131 \u00d6mero\u011flu, \u0130TB Kad\u0131nlar Kolu Ba\u015fkan\u0131 sn. Sevcan Hac\u0131\nAli ve \u00fcyeleri, BTAYTD \u0130ske\u00e7e Okutan Anne Projesi Koordinat\u00f6r\u00fc sn. Sevtap Hint\nve \u00e7ok say\u0131da kad\u0131n kat\u0131ld\u0131. Dinkler Han\u0131meli Derne\u011fi ba\u015fkan\u0131 sn. Aylin\nAhmeto\u011flu ile&nbsp; BTAYTD Kad\u0131nlar Kolu Ba\u015fkan\u0131 sn. Sevkan Tahsino\u011flu&#8217; nun\nyapt\u0131klar\u0131 a\u00e7\u0131l\u0131\u015f konu\u015fmalar\u0131n\u0131n ard\u0131ndan, sn. Asl\u0131 \u00d6mero\u011flu &#8216;da yapt\u0131\u011f\u0131\nselamlama konu\u015fmas\u0131nda,&nbsp; bu t\u00fcr etkinliklerin toplumumuz i\u00e7in ne kadar\n\u00f6nemli oldu\u011funa&nbsp; de\u011findi. Etkinli\u011fimize kat\u0131lan herkese Dinkler Han\u0131meli\nDerne\u011fi ve BTAYTD Kad\u0131nlar Kolu ad\u0131na te\u015fekk\u00fcrlerimizi sunar\u0131z.<\/p>\n\n\n\n<ul class=\"wp-block-gallery columns-2 is-cropped wp-block-gallery-1 is-layout-flex wp-block-gallery-is-layout-flex\"><li class=\"blocks-gallery-item\"><figure><img loading=\"lazy\" decoding=\"async\" width=\"1024\" height=\"576\" src=\"https:\/\/www.btaytd.org\/web\/wp-content\/uploads\/2019\/11\/IMG-20191112-WA0040-1024x576.jpg\" alt=\"\" data-id=\"2543\" data-link=\"https:\/\/www.btaytd.org\/web\/?attachment_id=2543\" class=\"wp-image-2543\" srcset=\"https:\/\/www.btaytd.org\/web\/wp-content\/uploads\/2019\/11\/IMG-20191112-WA0040-1024x576.jpg 1024w, https:\/\/www.btaytd.org\/web\/wp-content\/uploads\/2019\/11\/IMG-20191112-WA0040-300x169.jpg 300w, https:\/\/www.btaytd.org\/web\/wp-content\/uploads\/2019\/11\/IMG-20191112-WA0040-768x432.jpg 768w, https:\/\/www.btaytd.org\/web\/wp-content\/uploads\/2019\/11\/IMG-20191112-WA0040.jpg 1280w\" sizes=\"(max-width: 1024px) 100vw, 1024px\" \/><\/figure><\/li><li class=\"blocks-gallery-item\"><figure><img loading=\"lazy\" decoding=\"async\" width=\"1024\" height=\"768\" src=\"https:\/\/www.btaytd.org\/web\/wp-content\/uploads\/2019\/11\/IMG-20191112-WA0048-1024x768.jpg\" alt=\"\" data-id=\"2544\" data-link=\"https:\/\/www.btaytd.org\/web\/?attachment_id=2544\" class=\"wp-image-2544\" srcset=\"https:\/\/www.btaytd.org\/web\/wp-content\/uploads\/2019\/11\/IMG-20191112-WA0048-1024x768.jpg 1024w, https:\/\/www.btaytd.org\/web\/wp-content\/uploads\/2019\/11\/IMG-20191112-WA0048-300x225.jpg 300w, https:\/\/www.btaytd.org\/web\/wp-content\/uploads\/2019\/11\/IMG-20191112-WA0048-768x576.jpg 768w, https:\/\/www.btaytd.org\/web\/wp-content\/uploads\/2019\/11\/IMG-20191112-WA0048.jpg 1280w\" sizes=\"(max-width: 1024px) 100vw, 1024px\" \/><\/figure><\/li><\/ul>\n","protected":false},"excerpt":{"rendered":"<p>BTAYTD Kad\u0131nlar Kolu ile Dinkler Han\u0131meli Derne\u011fi, 12 Kas\u0131m 2019 Sal\u0131 ak\u015fam\u0131 ortakla\u015fa bir etkinlik d\u00fczenledi. Dinkler Han\u0131meli Derne\u011fi &#8216;nin lokalinde ger\u00e7ekle\u015fen etkinlikte,&nbsp; logoterapist Esma Mustafa ve Merve \u0130smail &#8216;Logoterapi nedir? Hangi durumlarda logoterapiye ihtiya\u00e7 duyulur? &#8221; konulu&nbsp; bir sunum ger\u00e7ekle\u015ftirdiler ve&nbsp; konuyla ilgili sorular\u0131 yan\u0131tlad\u0131lar.&nbsp; Etkinli\u011fe T. C. G\u00fcm\u00fclcine Ba\u015fkonsolos e\u015fi sn. Asl\u0131 \u00d6mero\u011flu,<\/p>\n<div class=\"read-more\"><a href=\"https:\/\/www.btaytd.org\/web\/tr\/btaytd-kadinlar-kolu-ve-dinkler-hanimeli-derneginden-etkinlik\/\" title=\"Read More\">Read More<\/a><\/div>\n","protected":false},"author":8,"featured_media":2542,"comment_status":"open","ping_status":"open","sticky":false,"template":"","format":"standard","meta":{"footnotes":""},"categories":[88,56],"tags":[],"class_list":{"0":"post-2541","1":"post","2":"type-post","3":"status-publish","4":"format-standard","5":"has-post-thumbnail","7":"category-haberler","8":"category-kadinlar-kolu"},"_links":{"self":[{"href":"https:\/\/www.btaytd.org\/web\/wp-json\/wp\/v2\/posts\/2541"}],"collection":[{"href":"https:\/\/www.btaytd.org\/web\/wp-json\/wp\/v2\/posts"}],"about":[{"href":"https:\/\/www.btaytd.org\/web\/wp-json\/wp\/v2\/types\/post"}],"author":[{"embeddable":true,"href":"https:\/\/www.btaytd.org\/web\/wp-json\/wp\/v2\/users\/8"}],"replies":[{"embeddable":true,"href":"https:\/\/www.btaytd.org\/web\/wp-json\/wp\/v2\/comments?post=2541"}],"version-history":[{"count":1,"href":"https:\/\/www.btaytd.org\/web\/wp-json\/wp\/v2\/posts\/2541\/revisions"}],"predecessor-version":[{"id":2545,"href":"https:\/\/www.btaytd.org\/web\/wp-json\/wp\/v2\/posts\/2541\/revisions\/2545"}],"wp:featuredmedia":[{"embeddable":true,"href":"https:\/\/www.btaytd.org\/web\/wp-json\/wp\/v2\/media\/2542"}],"wp:attachment":[{"href":"https:\/\/www.btaytd.org\/web\/wp-json\/wp\/v2\/media?parent=2541"}],"wp:term":[{"taxonomy":"category","embeddable":true,"href":"https:\/\/www.btaytd.org\/web\/wp-json\/wp\/v2\/categories?post=2541"},{"taxonomy":"post_tag","embeddable":true,"href":"https:\/\/www.btaytd.org\/web\/wp-json\/wp\/v2\/tags?post=2541"}],"curies":[{"name":"wp","href":"https:\/\/api.w.org\/{rel}","templated":true}]}}