{"id":2609,"date":"2019-12-06T08:38:21","date_gmt":"2019-12-06T08:38:21","guid":{"rendered":"https:\/\/www.btaytd.org\/web\/?p=2609"},"modified":"2019-12-06T08:38:23","modified_gmt":"2019-12-06T08:38:23","slug":"bati-trakya-turk-heyeti-bm-azinlik-sorunlari-forumunda","status":"publish","type":"post","link":"https:\/\/www.btaytd.org\/web\/tr\/bati-trakya-turk-heyeti-bm-azinlik-sorunlari-forumunda\/","title":{"rendered":"Bat\u0131 Trakya T\u00fcrk heyeti BM Az\u0131nl\u0131k Sorunlar\u0131 Forumu\u2019nda"},"content":{"rendered":"\n<p><strong>Az\u0131nl\u0131klar\u0131n\ne\u011fitim hakk\u0131n\u0131n tart\u0131\u015f\u0131ld\u0131\u011f\u0131 forumda Bat\u0131 Trakya T\u00fcrklerinin e\u011fitim alan\u0131nda\nya\u015fad\u0131\u011f\u0131 sorunlar dile getirildi.<\/strong><strong><\/strong><\/p>\n\n\n\n<p>Bat\u0131 Trakya T\u00fcrk toplumunu temsilen Avrupa Bat\u0131 Trakya T\u00fcrk\nFederasyonu (ABTTF) ve Bat\u0131 Trakya Az\u0131nl\u0131\u011f\u0131 Y\u00fcksek Tahsilliler Derne\u011fi\n(BTAYTD), 28-29 Kas\u0131m 2019 tarihlerinde \u0130svi\u00e7re\u2019nin Cenevre kentinde d\u00fczenlenen\nBirlesmi\u015f Milletler (BM) Az\u0131nl\u0131k Sorunlar\u0131 Forumu\u2019nun 12. oturumuna kat\u0131ld\u0131.\n\u201cAz\u0131nl\u0131klar\u0131n E\u011fitim, Dil ve \u0130nsan Haklar\u0131 temal\u0131 oturuma, ABTTF Merkez Ofis\nSorumlusu K. Engin Soyy\u0131lmaz ile BTAYTD Y\u00f6netim Kurulu \u00fcyesi e\u011fitimci Meltem\nGiritli ve BTAYTD Uluslararas\u0131 Hukuk ve \u0130nsan Haklar\u0131 Dan\u0131\u015fman\u0131 Av. \u0130lker\n\u00c7avu\u015fo\u011flu\u2019ndan olu\u015fan Bat\u0131 Trakya T\u00fcrk heyeti i\u015ftirak etti. Rodos ve \u0130stank\u00f6y\nT\u00fcrklerini temsilen Rodos, \u0130stank\u00f6y ve Onikiada T\u00fcrkleri K\u00fclt\u00fcr ve Dayan\u0131\u015fma\nDerne\u011fi (RO\u0130SDER) Ba\u015fkan\u0131 Prof. Dr. Mustafa Kaymak\u00e7\u0131 oturuma kat\u0131ld\u0131.<\/p>\n\n\n\n<p><strong>Bat\u0131 Trakya T\u00fcrk heyeti <\/strong><strong>iki\ndilli az\u0131nl\u0131k anaokullar\u0131 ile az\u0131nl\u0131k ilkokullar\u0131ndaki \u00f6\u011fretmen, m\u00fcfredat ve\nders kitaplar\u0131 sorununu g\u00fcndeme ta\u015f\u0131d\u0131<\/strong><\/p>\n\n\n\n<p>\u201c\u0130nsan haklar\u0131 ve\naz\u0131nl\u0131k dili e\u011fitimi\u201d ba\u015fl\u0131kl\u0131 ikinci oturumda s\u00f6z alan BTAYTD, Bat\u0131 Trakya T\u00fcrk toplumunun\ne\u011fitim hakk\u0131yla ilgili mevcut ihllalleri ve sorunlar\u0131 ayr\u0131nt\u0131lar\u0131yla aktard\u0131.\nYunan h\u00fck\u00fcmetinden Bat\u0131 Trakya T\u00fcrk toplumunun e\u011fitim hakk\u0131na sayg\u0131\ng\u00f6stermesini talep eden BTAYTD, Yunanistan\u2019a uluslararas\u0131 ve ikili\nantla\u015fmalardan do\u011fan t\u00fcm y\u00fck\u00fcml\u00fcl\u00fcklerini yerine getirmesi \u00e7a\u011fr\u0131s\u0131nda bulundu.\nYan\u0131 s\u0131ra BTAYTD, Yunan makamlar\u0131ndan e\u011fitim sorunlar\u0131n\u0131n \u00e7\u00f6z\u00fcm\u00fc i\u00e7in Bat\u0131\nTrakya T\u00fcrk toplumu ile yap\u0131c\u0131 ve dahil edici diyalog ba\u015flatmas\u0131n\u0131 istedi.<\/p>\n\n\n\n<p>\u201cAz\u0131nl\u0131k dillerinde e\u011fitim i\u00e7in kamusal politika hedefleri\nve az\u0131nl\u0131k dillerinin \u00f6\u011fretilmesi\u201d ba\u015fl\u0131kl\u0131 \u00fc\u00e7\u00fcnc\u00fc oturumda konu\u015fan ABTTF, 1923 Lozan Antla\u015fmas\u0131 ile e\u011fitimde \u00f6zerk k\u0131l\u0131nan Bat\u0131\nTrakya T\u00fcrk toplumunun anadilde e\u011fitim hakk\u0131 ile birlikte kendi okullar\u0131n\u0131\nkurma ve y\u00f6netme hakk\u0131na sahip oldu\u011funu ifade etti. Bat\u0131 Trakya T\u00fcrk\ntoplumunun e\u011fitim \u00f6zerkli\u011finin Yunanistan taraf\u0131ndan sistematik olarak ihlal\nedildi\u011finin alt\u0131n\u0131 \u00e7izen ABTTF, \u00f6\u011frenci say\u0131s\u0131n\u0131n az oldu\u011fu gerek\u00e7esiyle \u00f6zerk\nyap\u0131daki az\u0131nl\u0131k ilkokullar\u0131n\u0131n kapat\u0131ld\u0131\u011f\u0131n\u0131, Bat\u0131 Trakya b\u00f6lgesinde&nbsp; iki\ndilli az\u0131nl\u0131k anaokullar\u0131n\u0131n a\u00e7\u0131lmas\u0131na Yunan makamlar\u0131n\u0131n \u0131srarla izin vermedi\u011fini\nkaydetti. Yunan devletinin Bat\u0131 Trakya T\u00fcrk toplumuna y\u00f6nelik tek tarafl\u0131 ve\ndayatmac\u0131 e\u011fitim politikalar\u0131 s\u00fcrd\u00fcrd\u00fc\u011f\u00fcn\u00fc belirten ABTTF, Yunan makamlar\u0131na Bat\u0131 Trakya T\u00fcrk toplumu ile diyalog i\u00e7erisinde\nsorunlara \u00e7\u00f6z\u00fcm \u00fcretmesi \u00e7a\u011fr\u0131s\u0131nda bulundu.<\/p>\n\n\n\n<p>Oturumda konu\u015fan Yunanistan\ntemsilcisi, Lozan Antla\u015fmas\u0131 ile Bat\u0131 Trakya\u2019da\nyaln\u0131zca M\u00fcsl\u00fcman az\u0131nl\u0131k oldu\u011fu y\u00f6n\u00fcndeki Yunan devletinin resmi tezini tekrar\nederek Yunanistan\u2019\u0131n Lozan Antla\u015fmas\u0131 h\u00fck\u00fcmleri ile tam uyumlu bir \u015fekilde Bat\u0131\nTrakya T\u00fcrk toplumunun e\u011fitiminin iyile\u015ftirilmesine&nbsp; y\u00f6nelik \u00e7abalar\u0131n\u0131n\ndevam edece\u011fini iddia etti.<\/p>\n\n\n\n<figure class=\"wp-block-gallery columns-2 is-cropped wp-block-gallery-1 is-layout-flex wp-block-gallery-is-layout-flex\"><ul class=\"blocks-gallery-grid\"><li class=\"blocks-gallery-item\"><figure><img loading=\"lazy\" decoding=\"async\" width=\"1024\" height=\"768\" src=\"https:\/\/www.btaytd.org\/web\/wp-content\/uploads\/2019\/12\/2-1.jpg\" alt=\"\" data-id=\"2611\" data-full-url=\"https:\/\/www.btaytd.org\/web\/wp-content\/uploads\/2019\/12\/2-1.jpg\" data-link=\"https:\/\/www.btaytd.org\/web\/?attachment_id=2611\" class=\"wp-image-2611\" srcset=\"https:\/\/www.btaytd.org\/web\/wp-content\/uploads\/2019\/12\/2-1.jpg 1024w, https:\/\/www.btaytd.org\/web\/wp-content\/uploads\/2019\/12\/2-1-300x225.jpg 300w, https:\/\/www.btaytd.org\/web\/wp-content\/uploads\/2019\/12\/2-1-768x576.jpg 768w\" sizes=\"(max-width: 1024px) 100vw, 1024px\" \/><\/figure><\/li><li class=\"blocks-gallery-item\"><figure><img loading=\"lazy\" decoding=\"async\" width=\"1024\" height=\"768\" src=\"https:\/\/www.btaytd.org\/web\/wp-content\/uploads\/2019\/12\/3-1-1024x768.jpg\" alt=\"\" data-id=\"2612\" data-full-url=\"https:\/\/www.btaytd.org\/web\/wp-content\/uploads\/2019\/12\/3-1.jpg\" data-link=\"https:\/\/www.btaytd.org\/web\/?attachment_id=2612\" class=\"wp-image-2612\" srcset=\"https:\/\/www.btaytd.org\/web\/wp-content\/uploads\/2019\/12\/3-1-1024x768.jpg 1024w, https:\/\/www.btaytd.org\/web\/wp-content\/uploads\/2019\/12\/3-1-300x225.jpg 300w, https:\/\/www.btaytd.org\/web\/wp-content\/uploads\/2019\/12\/3-1-768x576.jpg 768w, https:\/\/www.btaytd.org\/web\/wp-content\/uploads\/2019\/12\/3-1-1536x1152.jpg 1536w, https:\/\/www.btaytd.org\/web\/wp-content\/uploads\/2019\/12\/3-1.jpg 1600w\" sizes=\"(max-width: 1024px) 100vw, 1024px\" \/><\/figure><\/li><\/ul><\/figure>\n","protected":false},"excerpt":{"rendered":"<p>Az\u0131nl\u0131klar\u0131n e\u011fitim hakk\u0131n\u0131n tart\u0131\u015f\u0131ld\u0131\u011f\u0131 forumda Bat\u0131 Trakya T\u00fcrklerinin e\u011fitim alan\u0131nda ya\u015fad\u0131\u011f\u0131 sorunlar dile getirildi. Bat\u0131 Trakya T\u00fcrk toplumunu temsilen Avrupa Bat\u0131 Trakya T\u00fcrk Federasyonu (ABTTF) ve Bat\u0131 Trakya Az\u0131nl\u0131\u011f\u0131 Y\u00fcksek Tahsilliler Derne\u011fi (BTAYTD), 28-29 Kas\u0131m 2019 tarihlerinde \u0130svi\u00e7re\u2019nin Cenevre kentinde d\u00fczenlenen Birlesmi\u015f Milletler (BM) Az\u0131nl\u0131k Sorunlar\u0131 Forumu\u2019nun 12. oturumuna kat\u0131ld\u0131. \u201cAz\u0131nl\u0131klar\u0131n E\u011fitim, Dil ve \u0130nsan<\/p>\n<div class=\"read-more\"><a href=\"https:\/\/www.btaytd.org\/web\/tr\/bati-trakya-turk-heyeti-bm-azinlik-sorunlari-forumunda\/\" title=\"Read More\">Read More<\/a><\/div>\n","protected":false},"author":8,"featured_media":2610,"comment_status":"open","ping_status":"open","sticky":false,"template":"","format":"standard","meta":{"footnotes":""},"categories":[44,46,88],"tags":[],"class_list":{"0":"post-2609","1":"post","2":"type-post","3":"status-publish","4":"format-standard","5":"has-post-thumbnail","7":"category-alt-kurullar","8":"category-dis-iliskiler-ve-insan-haklari","9":"category-haberler"},"_links":{"self":[{"href":"https:\/\/www.btaytd.org\/web\/wp-json\/wp\/v2\/posts\/2609"}],"collection":[{"href":"https:\/\/www.btaytd.org\/web\/wp-json\/wp\/v2\/posts"}],"about":[{"href":"https:\/\/www.btaytd.org\/web\/wp-json\/wp\/v2\/types\/post"}],"author":[{"embeddable":true,"href":"https:\/\/www.btaytd.org\/web\/wp-json\/wp\/v2\/users\/8"}],"replies":[{"embeddable":true,"href":"https:\/\/www.btaytd.org\/web\/wp-json\/wp\/v2\/comments?post=2609"}],"version-history":[{"count":1,"href":"https:\/\/www.btaytd.org\/web\/wp-json\/wp\/v2\/posts\/2609\/revisions"}],"predecessor-version":[{"id":2613,"href":"https:\/\/www.btaytd.org\/web\/wp-json\/wp\/v2\/posts\/2609\/revisions\/2613"}],"wp:featuredmedia":[{"embeddable":true,"href":"https:\/\/www.btaytd.org\/web\/wp-json\/wp\/v2\/media\/2610"}],"wp:attachment":[{"href":"https:\/\/www.btaytd.org\/web\/wp-json\/wp\/v2\/media?parent=2609"}],"wp:term":[{"taxonomy":"category","embeddable":true,"href":"https:\/\/www.btaytd.org\/web\/wp-json\/wp\/v2\/categories?post=2609"},{"taxonomy":"post_tag","embeddable":true,"href":"https:\/\/www.btaytd.org\/web\/wp-json\/wp\/v2\/tags?post=2609"}],"curies":[{"name":"wp","href":"https:\/\/api.w.org\/{rel}","templated":true}]}}