{"id":2667,"date":"2020-01-03T13:46:40","date_gmt":"2020-01-03T13:46:40","guid":{"rendered":"https:\/\/www.btaytd.org\/web\/?p=2667"},"modified":"2020-01-03T13:46:42","modified_gmt":"2020-01-03T13:46:42","slug":"gat-25-olagan-genel-kurulu-gerceklestirildi","status":"publish","type":"post","link":"https:\/\/www.btaytd.org\/web\/tr\/gat-25-olagan-genel-kurulu-gerceklestirildi\/","title":{"rendered":"GAT 25. OLA\u011eAN GENEL KURULU GER\u00c7EKLE\u015eT\u0130R\u0130LD\u0130"},"content":{"rendered":"\n<p>Bat\u0131 Trakya Az\u0131nl\u0131\u011f\u0131 Y\u00fcksek Tahsilliler Derne\u011fi \u00e7at\u0131s\u0131\nalt\u0131nda faaliyetlerini y\u00fcr\u00fcten Gen\u00e7 Akademisyenler Toplulu\u011fu 25. Ola\u011fan Genel\nKurulu 3 Ocak 2020 Cuma g\u00fcn\u00fc BTAYTD lokalinde ger\u00e7ekle\u015ftirildi.<\/p>\n\n\n\n<p>Ger\u00e7ekle\u015ftirilen\nse\u00e7imlerden sonra g\u00f6rev da\u011f\u0131l\u0131m\u0131 a\u015fa\u011f\u0131da g\u00f6r\u00fcld\u00fc\u011f\u00fc \u015fekilde belirlenmi\u015ftir.<\/p>\n\n\n\n<p>&nbsp; 1<strong>.&nbsp;<\/strong>TUFAN BODUR&nbsp;&nbsp;&nbsp;&nbsp;&nbsp;&nbsp;&nbsp;&nbsp;&nbsp;&nbsp;&nbsp;&nbsp;&nbsp;&nbsp;&nbsp;&nbsp;&nbsp;&nbsp;&nbsp;&nbsp;&nbsp;&nbsp;&nbsp;&nbsp; BA\u015eKAN<\/p>\n\n\n\n<p>&nbsp; 2.\nSERDAR HACIO\u011eLU&nbsp;&nbsp;&nbsp;&nbsp;&nbsp;&nbsp;&nbsp;&nbsp;&nbsp;&nbsp;&nbsp;&nbsp;&nbsp;&nbsp; ASBA\u015eKAN<\/p>\n\n\n\n<p>&nbsp; 3. ASLI\nKARABEK\u0130R&nbsp;&nbsp;&nbsp;&nbsp;&nbsp;&nbsp;&nbsp; &nbsp;&nbsp;&nbsp;&nbsp;&nbsp;&nbsp;&nbsp;&nbsp;&nbsp;&nbsp;&nbsp; GENEL SEKRETER<\/p>\n\n\n\n<p>&nbsp; 4. EMRE\n\u00d6MER&nbsp;&nbsp;&nbsp;&nbsp;&nbsp;&nbsp;&nbsp;&nbsp;&nbsp;&nbsp;&nbsp;&nbsp;&nbsp;&nbsp;&nbsp;&nbsp;&nbsp;&nbsp;&nbsp;&nbsp;&nbsp;&nbsp;&nbsp;&nbsp;&nbsp;&nbsp;&nbsp;&nbsp;&nbsp; KASADAR<\/p>\n\n\n\n<p>&nbsp; 5. SEM\u0130H\n\u00d6MER&nbsp;&nbsp;&nbsp;&nbsp; &nbsp;&nbsp;&nbsp;&nbsp;&nbsp;&nbsp;&nbsp;&nbsp;&nbsp;&nbsp;&nbsp; \n&nbsp;&nbsp;&nbsp;&nbsp;&nbsp;&nbsp;&nbsp;&nbsp;&nbsp;&nbsp; \u00dcYE<\/p>\n\n\n\n<p>&nbsp; 6. OKTAY\n\u0130BRA\u0130M&nbsp;&nbsp;&nbsp;&nbsp;&nbsp;&nbsp;&nbsp;&nbsp;&nbsp;&nbsp;&nbsp;  &nbsp;&nbsp;&nbsp;&nbsp;&nbsp;&nbsp;&nbsp;&nbsp;&nbsp;&nbsp; \u00dcYE<\/p>\n\n\n\n<p>&nbsp; 7. EMEL\n\u0130BRAM&nbsp;&nbsp;&nbsp;&nbsp; &nbsp;&nbsp;&nbsp;&nbsp;&nbsp;&nbsp;&nbsp;&nbsp;&nbsp;&nbsp;&nbsp;&nbsp;&nbsp;&nbsp;&nbsp;&nbsp;&nbsp;&nbsp;&nbsp;&nbsp;&nbsp;&nbsp;&nbsp; \u00dcYE\n<\/p>\n\n\n\n<figure class=\"wp-block-gallery columns-1 is-cropped wp-block-gallery-1 is-layout-flex wp-block-gallery-is-layout-flex\"><ul class=\"blocks-gallery-grid\"><li class=\"blocks-gallery-item\"><figure><img loading=\"lazy\" decoding=\"async\" width=\"1024\" height=\"768\" src=\"https:\/\/www.btaytd.org\/web\/wp-content\/uploads\/2020\/01\/DSC01242-1024x768.jpg\" alt=\"\" data-id=\"2668\" data-full-url=\"https:\/\/www.btaytd.org\/web\/wp-content\/uploads\/2020\/01\/DSC01242-scaled.jpg\" data-link=\"https:\/\/www.btaytd.org\/web\/?attachment_id=2668\" class=\"wp-image-2668\" srcset=\"https:\/\/www.btaytd.org\/web\/wp-content\/uploads\/2020\/01\/DSC01242-1024x768.jpg 1024w, https:\/\/www.btaytd.org\/web\/wp-content\/uploads\/2020\/01\/DSC01242-300x225.jpg 300w, https:\/\/www.btaytd.org\/web\/wp-content\/uploads\/2020\/01\/DSC01242-768x576.jpg 768w, https:\/\/www.btaytd.org\/web\/wp-content\/uploads\/2020\/01\/DSC01242-1536x1152.jpg 1536w, https:\/\/www.btaytd.org\/web\/wp-content\/uploads\/2020\/01\/DSC01242-2048x1536.jpg 2048w\" sizes=\"(max-width: 1024px) 100vw, 1024px\" \/><\/figure><\/li><\/ul><\/figure>\n","protected":false},"excerpt":{"rendered":"<p>Bat\u0131 Trakya Az\u0131nl\u0131\u011f\u0131 Y\u00fcksek Tahsilliler Derne\u011fi \u00e7at\u0131s\u0131 alt\u0131nda faaliyetlerini y\u00fcr\u00fcten Gen\u00e7 Akademisyenler Toplulu\u011fu 25. Ola\u011fan Genel Kurulu 3 Ocak 2020 Cuma g\u00fcn\u00fc BTAYTD lokalinde ger\u00e7ekle\u015ftirildi. Ger\u00e7ekle\u015ftirilen se\u00e7imlerden sonra g\u00f6rev da\u011f\u0131l\u0131m\u0131 a\u015fa\u011f\u0131da g\u00f6r\u00fcld\u00fc\u011f\u00fc \u015fekilde belirlenmi\u015ftir. &nbsp; 1.&nbsp;TUFAN BODUR&nbsp;&nbsp;&nbsp;&nbsp;&nbsp;&nbsp;&nbsp;&nbsp;&nbsp;&nbsp;&nbsp;&nbsp;&nbsp;&nbsp;&nbsp;&nbsp;&nbsp;&nbsp;&nbsp;&nbsp;&nbsp;&nbsp;&nbsp;&nbsp; BA\u015eKAN &nbsp; 2. SERDAR HACIO\u011eLU&nbsp;&nbsp;&nbsp;&nbsp;&nbsp;&nbsp;&nbsp;&nbsp;&nbsp;&nbsp;&nbsp;&nbsp;&nbsp;&nbsp; ASBA\u015eKAN &nbsp; 3. ASLI KARABEK\u0130R&nbsp;&nbsp;&nbsp;&nbsp;&nbsp;&nbsp;&nbsp; &nbsp;&nbsp;&nbsp;&nbsp;&nbsp;&nbsp;&nbsp;&nbsp;&nbsp;&nbsp;&nbsp; GENEL SEKRETER &nbsp; 4. EMRE \u00d6MER&nbsp;&nbsp;&nbsp;&nbsp;&nbsp;&nbsp;&nbsp;&nbsp;&nbsp;&nbsp;&nbsp;&nbsp;&nbsp;&nbsp;&nbsp;&nbsp;&nbsp;&nbsp;&nbsp;&nbsp;&nbsp;&nbsp;&nbsp;&nbsp;&nbsp;&nbsp;&nbsp;&nbsp;&nbsp; KASADAR<\/p>\n<div class=\"read-more\"><a href=\"https:\/\/www.btaytd.org\/web\/tr\/gat-25-olagan-genel-kurulu-gerceklestirildi\/\" title=\"Read More\">Read More<\/a><\/div>\n","protected":false},"author":8,"featured_media":2669,"comment_status":"open","ping_status":"open","sticky":false,"template":"","format":"standard","meta":{"footnotes":""},"categories":[44,60,88],"tags":[],"class_list":{"0":"post-2667","1":"post","2":"type-post","3":"status-publish","4":"format-standard","5":"has-post-thumbnail","7":"category-alt-kurullar","8":"category-genc-akademisyenler-toplulugu","9":"category-haberler"},"_links":{"self":[{"href":"https:\/\/www.btaytd.org\/web\/wp-json\/wp\/v2\/posts\/2667"}],"collection":[{"href":"https:\/\/www.btaytd.org\/web\/wp-json\/wp\/v2\/posts"}],"about":[{"href":"https:\/\/www.btaytd.org\/web\/wp-json\/wp\/v2\/types\/post"}],"author":[{"embeddable":true,"href":"https:\/\/www.btaytd.org\/web\/wp-json\/wp\/v2\/users\/8"}],"replies":[{"embeddable":true,"href":"https:\/\/www.btaytd.org\/web\/wp-json\/wp\/v2\/comments?post=2667"}],"version-history":[{"count":1,"href":"https:\/\/www.btaytd.org\/web\/wp-json\/wp\/v2\/posts\/2667\/revisions"}],"predecessor-version":[{"id":2670,"href":"https:\/\/www.btaytd.org\/web\/wp-json\/wp\/v2\/posts\/2667\/revisions\/2670"}],"wp:featuredmedia":[{"embeddable":true,"href":"https:\/\/www.btaytd.org\/web\/wp-json\/wp\/v2\/media\/2669"}],"wp:attachment":[{"href":"https:\/\/www.btaytd.org\/web\/wp-json\/wp\/v2\/media?parent=2667"}],"wp:term":[{"taxonomy":"category","embeddable":true,"href":"https:\/\/www.btaytd.org\/web\/wp-json\/wp\/v2\/categories?post=2667"},{"taxonomy":"post_tag","embeddable":true,"href":"https:\/\/www.btaytd.org\/web\/wp-json\/wp\/v2\/tags?post=2667"}],"curies":[{"name":"wp","href":"https:\/\/api.w.org\/{rel}","templated":true}]}}