{"id":2896,"date":"2020-03-03T07:56:52","date_gmt":"2020-03-03T07:56:52","guid":{"rendered":"https:\/\/www.btaytd.org\/web\/?p=2896"},"modified":"2020-03-03T07:56:54","modified_gmt":"2020-03-03T07:56:54","slug":"btaytd-kadinlar-kolu-secimleri-gerceklestirildi","status":"publish","type":"post","link":"https:\/\/www.btaytd.org\/web\/tr\/btaytd-kadinlar-kolu-secimleri-gerceklestirildi\/","title":{"rendered":"BTAYTD Kad\u0131nlar Kolu Se\u00e7imleri Ger\u00e7ekle\u015ftirildi"},"content":{"rendered":"\n<p>28 \u015eubat 2020 Cuma\ng\u00fcn\u00fc Bat\u0131 Trakya Az\u0131nl\u0131\u011f\u0131 Y\u00fcksek Tahsilliler Derne\u011fi&#8217;nin merkez lokalinde\nBTAYTD Kad\u0131nlar Kolu\u2019nun se\u00e7imleri ger\u00e7ekle\u015ftirildi.<\/p>\n\n\n\n<p>62 bayan \u00fcyenin kat\u0131l\u0131m\u0131 ile ger\u00e7ekle\u015fen\nse\u00e7imin Divan Kurulu ba\u015fkanl\u0131\u011f\u0131n\u0131 say\u0131n Yeliz \u0130smail, sekreterli\u011fini ise say\u0131n\nRefiye Bekir ve Handan Ali H\u00fcseyin yapt\u0131.<\/p>\n\n\n\n<p>&nbsp;&nbsp;&nbsp;&nbsp;&nbsp;&nbsp;\nKad\u0131nlar Kolu&nbsp; ba\u015fkan\u0131 say\u0131n\nSevkan Tahsino\u011flu&#8217;nun a\u00e7\u0131l\u0131\u015f konu\u015fmas\u0131ndan sonra, Genel Sekreter Merve Ali\nfaaliyet raporunu, Kasadar Kevser Pedal\u0131 Mehmet ise maliyet raporunu sunmu\u015ftur.<\/p>\n\n\n\n<p>Ayn\u0131 g\u00fcn i\u00e7erisinde yap\u0131lan toplant\u0131da\nger\u00e7ekle\u015ftirilen g\u00f6rev da\u011f\u0131l\u0131m\u0131 \u015fu \u015fekildedir :<\/p>\n\n\n\n<p>Ba\u015fkan : Dilem Yakup (28 oy)<\/p>\n\n\n\n<p>G\u00fcm\u00fclcine Asba\u015fkan\u0131 : Merve Ali (25 oy)<\/p>\n\n\n\n<p>\u0130ske\u00e7e Asba\u015fkan\u0131 : Sevkan Tahsino\u011flu (33 oy)<\/p>\n\n\n\n<p>Genel Sekreter : Sibel Abdullah Hasan (11 oy)<\/p>\n\n\n\n<p>Genel Sekreter Yard\u0131mc\u0131s\u0131 : P\u0131nar Ali Day\u0131 (\n16 oy)<\/p>\n\n\n\n<p>Kasadar : H\u00fclya Hatip \u0130smail (23 oy)<\/p>\n\n\n\n<p>Kasadar Yard\u0131mc\u0131s\u0131 : H\u00fclya Giritli (10 oy)<\/p>\n\n\n\n<p>E\u011fitim Kolu Sorumlular\u0131 : G\u00fclcan M\u00fcmin (17 oy)<\/p>\n\n\n\n<p>&nbsp;&nbsp;&nbsp;&nbsp;&nbsp;&nbsp;&nbsp;&nbsp;&nbsp;&nbsp;&nbsp;&nbsp;&nbsp;&nbsp;&nbsp;&nbsp;&nbsp;&nbsp;&nbsp;&nbsp;&nbsp;&nbsp;&nbsp;&nbsp;&nbsp;&nbsp;&nbsp;&nbsp;&nbsp;&nbsp; &nbsp;&nbsp;&nbsp;&nbsp;&nbsp;&nbsp;&nbsp;&nbsp;&nbsp;&nbsp;&nbsp;&nbsp;&nbsp;&nbsp;&nbsp;Ay\u015feg\u00fcl Y\u00f6r\u00fck (17 oy)<\/p>\n\n\n\n<p>&nbsp;&nbsp;&nbsp;&nbsp;&nbsp;&nbsp;&nbsp;&nbsp;&nbsp;&nbsp;&nbsp;&nbsp;&nbsp;&nbsp;&nbsp;&nbsp;&nbsp;&nbsp;&nbsp;&nbsp;&nbsp;&nbsp;&nbsp;&nbsp;&nbsp;&nbsp;&nbsp;&nbsp;&nbsp;&nbsp;&nbsp;&nbsp;&nbsp;&nbsp;&nbsp;&nbsp;&nbsp;&nbsp;&nbsp;&nbsp;&nbsp;&nbsp;&nbsp;&nbsp;&nbsp;\nVildan Ya\u015far (18 oy)<\/p>\n\n\n\n<p>&nbsp;&nbsp;&nbsp;&nbsp;&nbsp;&nbsp;&nbsp;&nbsp;&nbsp;&nbsp;&nbsp;&nbsp;&nbsp;&nbsp;&nbsp;&nbsp;&nbsp;&nbsp;&nbsp;&nbsp;&nbsp;&nbsp;&nbsp;&nbsp;&nbsp;&nbsp;&nbsp;&nbsp;&nbsp;&nbsp;&nbsp;&nbsp;&nbsp;&nbsp;&nbsp;&nbsp;&nbsp;&nbsp;&nbsp;&nbsp;&nbsp;&nbsp;&nbsp;&nbsp;&nbsp;\nZafe Hasano\u011flu (26 oy)<\/p>\n\n\n\n<p>&nbsp;&nbsp;&nbsp;&nbsp;&nbsp;&nbsp;&nbsp;&nbsp;&nbsp;&nbsp;&nbsp;&nbsp;&nbsp;&nbsp;&nbsp;&nbsp;&nbsp;&nbsp;&nbsp;&nbsp;&nbsp;&nbsp;&nbsp;&nbsp;&nbsp;&nbsp;&nbsp;&nbsp;&nbsp;&nbsp;&nbsp;&nbsp;&nbsp;&nbsp;&nbsp;&nbsp;&nbsp;&nbsp;&nbsp;&nbsp;&nbsp;&nbsp;&nbsp;&nbsp;&nbsp;\nPelin Kocamolla (13 oy)<\/p>\n\n\n\n<p>Halkla \u0130li\u015fkiler : \u0130lknur Tuzlac\u0131 (20 oy)<\/p>\n\n\n\n<p>&nbsp;&nbsp;&nbsp;&nbsp;&nbsp;&nbsp;&nbsp;&nbsp;&nbsp;&nbsp;&nbsp;&nbsp;&nbsp;&nbsp;&nbsp;&nbsp;&nbsp;&nbsp;&nbsp;&nbsp;&nbsp;&nbsp;&nbsp;&nbsp;&nbsp;&nbsp; \u015e\u00fckran Deliali (16\noy)<\/p>\n\n\n\n<p>&nbsp;&nbsp;&nbsp;&nbsp;&nbsp;&nbsp;&nbsp;&nbsp;&nbsp;&nbsp;&nbsp;&nbsp;&nbsp;&nbsp;&nbsp;&nbsp;&nbsp;&nbsp;&nbsp;&nbsp;&nbsp;&nbsp;&nbsp;&nbsp;&nbsp;&nbsp; H\u00fclya Giritli ( 10\noy)<\/p>\n\n\n\n<p>&nbsp;&nbsp;&nbsp;&nbsp;&nbsp;&nbsp;&nbsp;&nbsp;&nbsp;&nbsp;&nbsp;&nbsp;&nbsp;&nbsp;&nbsp;&nbsp;&nbsp;&nbsp;&nbsp;&nbsp;&nbsp;&nbsp;&nbsp;&nbsp;&nbsp;&nbsp; Hatice Kadri ( 8 oy)<\/p>\n\n\n\n<p>&nbsp;&nbsp;&nbsp;&nbsp;&nbsp;&nbsp;&nbsp;&nbsp;&nbsp;&nbsp;&nbsp;&nbsp;&nbsp;&nbsp;&nbsp;&nbsp;&nbsp;&nbsp;&nbsp;&nbsp;&nbsp;&nbsp;&nbsp;&nbsp;&nbsp;&nbsp; P\u0131nar Ali Day\u0131 (16\noy)<\/p>\n\n\n\n<figure class=\"wp-block-gallery columns-3 is-cropped wp-block-gallery-1 is-layout-flex wp-block-gallery-is-layout-flex\"><ul class=\"blocks-gallery-grid\"><li class=\"blocks-gallery-item\"><figure><img loading=\"lazy\" decoding=\"async\" width=\"1000\" height=\"750\" src=\"https:\/\/www.btaytd.org\/web\/wp-content\/uploads\/2020\/03\/2.jpg\" alt=\"\" data-id=\"2899\" data-full-url=\"https:\/\/www.btaytd.org\/web\/wp-content\/uploads\/2020\/03\/2.jpg\" data-link=\"https:\/\/www.btaytd.org\/web\/?attachment_id=2899\" class=\"wp-image-2899\" srcset=\"https:\/\/www.btaytd.org\/web\/wp-content\/uploads\/2020\/03\/2.jpg 1000w, https:\/\/www.btaytd.org\/web\/wp-content\/uploads\/2020\/03\/2-300x225.jpg 300w, https:\/\/www.btaytd.org\/web\/wp-content\/uploads\/2020\/03\/2-768x576.jpg 768w\" sizes=\"(max-width: 1000px) 100vw, 1000px\" \/><\/figure><\/li><li class=\"blocks-gallery-item\"><figure><img loading=\"lazy\" decoding=\"async\" width=\"1000\" height=\"750\" src=\"https:\/\/www.btaytd.org\/web\/wp-content\/uploads\/2020\/03\/3.jpg\" alt=\"\" data-id=\"2900\" data-full-url=\"https:\/\/www.btaytd.org\/web\/wp-content\/uploads\/2020\/03\/3.jpg\" data-link=\"https:\/\/www.btaytd.org\/web\/?attachment_id=2900\" class=\"wp-image-2900\" srcset=\"https:\/\/www.btaytd.org\/web\/wp-content\/uploads\/2020\/03\/3.jpg 1000w, https:\/\/www.btaytd.org\/web\/wp-content\/uploads\/2020\/03\/3-300x225.jpg 300w, https:\/\/www.btaytd.org\/web\/wp-content\/uploads\/2020\/03\/3-768x576.jpg 768w\" sizes=\"(max-width: 1000px) 100vw, 1000px\" \/><\/figure><\/li><li class=\"blocks-gallery-item\"><figure><img loading=\"lazy\" decoding=\"async\" width=\"1000\" height=\"750\" src=\"https:\/\/www.btaytd.org\/web\/wp-content\/uploads\/2020\/03\/4.jpg\" alt=\"\" data-id=\"2901\" data-full-url=\"https:\/\/www.btaytd.org\/web\/wp-content\/uploads\/2020\/03\/4.jpg\" data-link=\"https:\/\/www.btaytd.org\/web\/?attachment_id=2901\" class=\"wp-image-2901\" srcset=\"https:\/\/www.btaytd.org\/web\/wp-content\/uploads\/2020\/03\/4.jpg 1000w, https:\/\/www.btaytd.org\/web\/wp-content\/uploads\/2020\/03\/4-300x225.jpg 300w, https:\/\/www.btaytd.org\/web\/wp-content\/uploads\/2020\/03\/4-768x576.jpg 768w\" sizes=\"(max-width: 1000px) 100vw, 1000px\" \/><\/figure><\/li><li class=\"blocks-gallery-item\"><figure><img loading=\"lazy\" decoding=\"async\" width=\"1000\" height=\"750\" src=\"https:\/\/www.btaytd.org\/web\/wp-content\/uploads\/2020\/03\/5.jpg\" alt=\"\" data-id=\"2902\" data-full-url=\"https:\/\/www.btaytd.org\/web\/wp-content\/uploads\/2020\/03\/5.jpg\" data-link=\"https:\/\/www.btaytd.org\/web\/?attachment_id=2902\" class=\"wp-image-2902\" srcset=\"https:\/\/www.btaytd.org\/web\/wp-content\/uploads\/2020\/03\/5.jpg 1000w, https:\/\/www.btaytd.org\/web\/wp-content\/uploads\/2020\/03\/5-300x225.jpg 300w, https:\/\/www.btaytd.org\/web\/wp-content\/uploads\/2020\/03\/5-768x576.jpg 768w\" sizes=\"(max-width: 1000px) 100vw, 1000px\" \/><\/figure><\/li><li class=\"blocks-gallery-item\"><figure><img loading=\"lazy\" decoding=\"async\" width=\"1000\" height=\"750\" src=\"https:\/\/www.btaytd.org\/web\/wp-content\/uploads\/2020\/03\/6.jpg\" alt=\"\" data-id=\"2903\" data-full-url=\"https:\/\/www.btaytd.org\/web\/wp-content\/uploads\/2020\/03\/6.jpg\" data-link=\"https:\/\/www.btaytd.org\/web\/?attachment_id=2903\" class=\"wp-image-2903\" srcset=\"https:\/\/www.btaytd.org\/web\/wp-content\/uploads\/2020\/03\/6.jpg 1000w, https:\/\/www.btaytd.org\/web\/wp-content\/uploads\/2020\/03\/6-300x225.jpg 300w, https:\/\/www.btaytd.org\/web\/wp-content\/uploads\/2020\/03\/6-768x576.jpg 768w\" sizes=\"(max-width: 1000px) 100vw, 1000px\" \/><\/figure><\/li><\/ul><\/figure>\n","protected":false},"excerpt":{"rendered":"<p>28 \u015eubat 2020 Cuma g\u00fcn\u00fc Bat\u0131 Trakya Az\u0131nl\u0131\u011f\u0131 Y\u00fcksek Tahsilliler Derne\u011fi&#8217;nin merkez lokalinde BTAYTD Kad\u0131nlar Kolu\u2019nun se\u00e7imleri ger\u00e7ekle\u015ftirildi. 62 bayan \u00fcyenin kat\u0131l\u0131m\u0131 ile ger\u00e7ekle\u015fen se\u00e7imin Divan Kurulu ba\u015fkanl\u0131\u011f\u0131n\u0131 say\u0131n Yeliz \u0130smail, sekreterli\u011fini ise say\u0131n Refiye Bekir ve Handan Ali H\u00fcseyin yapt\u0131. &nbsp;&nbsp;&nbsp;&nbsp;&nbsp;&nbsp; Kad\u0131nlar Kolu&nbsp; ba\u015fkan\u0131 say\u0131n Sevkan Tahsino\u011flu&#8217;nun a\u00e7\u0131l\u0131\u015f konu\u015fmas\u0131ndan sonra, Genel Sekreter Merve Ali<\/p>\n<div class=\"read-more\"><a href=\"https:\/\/www.btaytd.org\/web\/tr\/btaytd-kadinlar-kolu-secimleri-gerceklestirildi\/\" title=\"Read More\">Read More<\/a><\/div>\n","protected":false},"author":8,"featured_media":2897,"comment_status":"open","ping_status":"open","sticky":false,"template":"","format":"standard","meta":{"footnotes":""},"categories":[44,88,56],"tags":[],"class_list":{"0":"post-2896","1":"post","2":"type-post","3":"status-publish","4":"format-standard","5":"has-post-thumbnail","7":"category-alt-kurullar","8":"category-haberler","9":"category-kadinlar-kolu"},"_links":{"self":[{"href":"https:\/\/www.btaytd.org\/web\/wp-json\/wp\/v2\/posts\/2896"}],"collection":[{"href":"https:\/\/www.btaytd.org\/web\/wp-json\/wp\/v2\/posts"}],"about":[{"href":"https:\/\/www.btaytd.org\/web\/wp-json\/wp\/v2\/types\/post"}],"author":[{"embeddable":true,"href":"https:\/\/www.btaytd.org\/web\/wp-json\/wp\/v2\/users\/8"}],"replies":[{"embeddable":true,"href":"https:\/\/www.btaytd.org\/web\/wp-json\/wp\/v2\/comments?post=2896"}],"version-history":[{"count":2,"href":"https:\/\/www.btaytd.org\/web\/wp-json\/wp\/v2\/posts\/2896\/revisions"}],"predecessor-version":[{"id":2904,"href":"https:\/\/www.btaytd.org\/web\/wp-json\/wp\/v2\/posts\/2896\/revisions\/2904"}],"wp:featuredmedia":[{"embeddable":true,"href":"https:\/\/www.btaytd.org\/web\/wp-json\/wp\/v2\/media\/2897"}],"wp:attachment":[{"href":"https:\/\/www.btaytd.org\/web\/wp-json\/wp\/v2\/media?parent=2896"}],"wp:term":[{"taxonomy":"category","embeddable":true,"href":"https:\/\/www.btaytd.org\/web\/wp-json\/wp\/v2\/categories?post=2896"},{"taxonomy":"post_tag","embeddable":true,"href":"https:\/\/www.btaytd.org\/web\/wp-json\/wp\/v2\/tags?post=2896"}],"curies":[{"name":"wp","href":"https:\/\/api.w.org\/{rel}","templated":true}]}}