{"id":3214,"date":"2020-10-13T06:16:15","date_gmt":"2020-10-13T06:16:15","guid":{"rendered":"https:\/\/www.btaytd.org\/web\/?p=3214"},"modified":"2020-10-13T06:16:17","modified_gmt":"2020-10-13T06:16:17","slug":"cevrimici-kuresel-azinlik-haklari-2020-yaz-okulu","status":"publish","type":"post","link":"https:\/\/www.btaytd.org\/web\/tr\/cevrimici-kuresel-azinlik-haklari-2020-yaz-okulu\/","title":{"rendered":"\u00c7EVR\u0130M\u0130\u00c7\u0130 K\u00dcRESEL AZINLIK HAKLARI 2020 YAZ OKULU"},"content":{"rendered":"\n<p>Bat\u0131 Trakya Az\u0131nl\u0131\u011f\u0131 Y\u00fcksek Tahsilliler Derne\u011fi \u00fcyesi Kerem Abdurahimo\u011flu, K\u00fcresel Az\u0131nl\u0131k Haklar\u0131 2020 Yaz Okuluna kat\u0131ld\u0131. Temmuz ay\u0131nda Budape\u015fte\u2019de yap\u0131lmas\u0131 planlanan yaz okulu, Covid19 pandemisi sebebiyle 8-10 Ekim tarihleri aras\u0131nda \u00e7evrimi\u00e7i ortamda ger\u00e7ekleitirildi. Bu y\u0131l sekizincisi d\u00fczenlenen ve Tom Lantos Enstit\u00fcs\u00fc, Macaristan Ulusal Kamu Hizmeti \u00dcniversitesi, Uluslaras\u0131 Az\u0131nl\u0131k Haklar\u0131 Grubu ve <em>Eurac<\/em> Ara\u015ft\u0131rmalar\u0131\u2019n\u0131n i\u015fbirli\u011fi ile d\u00fczenlenen uluslaras\u0131 yaz okulunun bu y\u0131lki konusu \u2018Nefret S\u00f6ylemi, Sosyal Medya ve Az\u0131nl\u0131klar\u2019 \u00fczerineydi. Tom Lantos Enstit\u00fcs\u00fc direkt\u00f6r\u00fc Anna-Maria Biro ve Macaristan Ulusal Kamu Hizmeti \u00dcniversitesi\u2019nden Balazs Vizi\u2019nin ev sahipli\u011finde ger\u00e7ekle\u015fen yaz okuluna konu\u015fmac\u0131 olarak kat\u0131lan Birle\u015fmi\u015f Milletler (BM) Az\u0131nl\u0131klar \u00d6zel Rap\u00f6rt\u00f6r\u00fc Fernand de Varennes ilk iki oturumda az\u0131nl\u0131klar\u0131n korunmas\u0131 ve nefret s\u00f6ylemi ile m\u00fccadelede BM\u2019nin geli\u015ftirmeye \u00e7al\u0131\u015ft\u0131\u011f\u0131 \u00f6nlem mekanizmalar\u0131 ba\u015far\u0131lar\u0131 ve eksiklikleri hakk\u0131nda geni\u015f bilgi verdi. \u00dc\u00e7\u00fcnc\u00fc oturumda di\u011fer uzman e\u011ftimciler uluslaras\u0131 az\u0131nl\u0131klar\u0131 koruma rejimi, \u0131fade \u00f6zg\u00fcrl\u00fc\u011f\u00fc ba\u011flam\u0131nda nefret s\u00f6ylemi, 19. Madde konular\u0131nda sunumlar yap\u0131p kat\u0131l\u0131mc\u0131lar\u0131n sorular\u0131n\u0131 cevaplad\u0131lar. D\u00fcnyan\u0131n farkl\u0131 yerlerinden az\u0131nl\u0131k mensubu gen\u00e7lere sunum yapma imkan\u0131 verilen d\u00f6rd\u00fcnc\u00fc oturumda BTAYTD \u00fcyesi Kerem Abdurahimo\u011flu da \u2018Yunanistan\u2019da artan nefret s\u00f6ylemi ve bunun Bat\u0131 Trakya\u2019daki \u00e7okk\u00fclt\u00fcrl\u00fc ya\u015fama etkisi\u2019 ba\u015fl\u0131kl\u0131 bir sunum yapt\u0131. Sunumunda,\u00a0 Bat\u0131 Trakya T\u00fcrk az\u0131nl\u0131\u011f\u0131\u2019n\u0131n uzun y\u0131llar boyunca bir\u00e7ok ayr\u0131mc\u0131l\u0131\u011fa maruz b\u0131rak\u0131larak marjinalle\u015ftirildi\u011fini aktaran\u00a0 Abdurahimo\u011flu, nefret s\u00f6ylemi e\u011filimindeki a\u015f\u0131r\u0131 gruplar\u0131n Bat\u0131 Trakya T\u00fcrk az\u0131nl\u0131\u011f\u0131na kar\u015f\u0131 \u00f6tekile\u015ftirici yakla\u015f\u0131m\u0131n\u0131n, devletin az\u0131nl\u0131k politikas\u0131n\u0131 de\u011fi\u015ftirerek T\u00fcrk az\u0131nl\u0131\u011f\u0131n etnik kimli\u011fini tan\u0131y\u0131p az\u0131nl\u0131\u011fa destek olmas\u0131yla d\u00fczelmesinin m\u00fcmk\u00fcn olaca\u011f\u0131n\u0131n alt\u0131n\u0131 \u00e7izmi\u015ftir. Sunumun ard\u0131ndan Abdurahimo\u011flu di\u011fer kat\u0131l\u0131mc\u0131lar taraf\u0131ndan y\u00f6neltilen Bat\u0131 Trakya T\u00fcrk az\u0131nl\u0131\u011f\u0131n\u0131n maruz kald\u0131\u011f\u0131 hak ihlalleri ile ilgili sorular\u0131 cevapland\u0131rm\u0131\u015ft\u0131r. Yaz okulunun son iki oturumunda ise Pakistan, Myanmar ve \u0130srail gibi Asya \u00fclkelerinde, Afrika\u2019da ve Amerika\u2019da az\u0131nl\u0131k ve yerli gruplar\u0131n kar\u015f\u0131la\u015ft\u0131\u011f\u0131 nefret s\u00f6ylemi ve di\u011fer sorunlarla ilgili uzman sunumlar\u0131 yap\u0131lm\u0131\u015f ve g\u00f6r\u00fc\u015f al\u0131\u015fveri\u015finde bulunulmu\u015ftur. Yaz okulu ev sahibi Anna-Maria Biro ve Balazs Vizi\u2019nin kapan\u0131\u015f konu\u015fmas\u0131yla son bulmu\u015ftur.<\/p>\n\n\n\n<figure class=\"wp-block-gallery columns-1 is-cropped wp-block-gallery-1 is-layout-flex wp-block-gallery-is-layout-flex\"><ul class=\"blocks-gallery-grid\"><li class=\"blocks-gallery-item\"><figure><img loading=\"lazy\" decoding=\"async\" width=\"1024\" height=\"513\" src=\"https:\/\/www.btaytd.org\/web\/wp-content\/uploads\/2020\/10\/WhatsApp-Image-2020-10-12-at-17.12.03-1024x513.jpeg\" alt=\"\" data-id=\"3216\" data-full-url=\"https:\/\/www.btaytd.org\/web\/wp-content\/uploads\/2020\/10\/WhatsApp-Image-2020-10-12-at-17.12.03.jpeg\" data-link=\"https:\/\/www.btaytd.org\/web\/?attachment_id=3216\" class=\"wp-image-3216\" srcset=\"https:\/\/www.btaytd.org\/web\/wp-content\/uploads\/2020\/10\/WhatsApp-Image-2020-10-12-at-17.12.03-1024x513.jpeg 1024w, https:\/\/www.btaytd.org\/web\/wp-content\/uploads\/2020\/10\/WhatsApp-Image-2020-10-12-at-17.12.03-300x150.jpeg 300w, https:\/\/www.btaytd.org\/web\/wp-content\/uploads\/2020\/10\/WhatsApp-Image-2020-10-12-at-17.12.03-768x385.jpeg 768w, https:\/\/www.btaytd.org\/web\/wp-content\/uploads\/2020\/10\/WhatsApp-Image-2020-10-12-at-17.12.03.jpeg 1366w\" sizes=\"(max-width: 1024px) 100vw, 1024px\" \/><\/figure><\/li><\/ul><\/figure>\n","protected":false},"excerpt":{"rendered":"<p>Bat\u0131 Trakya Az\u0131nl\u0131\u011f\u0131 Y\u00fcksek Tahsilliler Derne\u011fi \u00fcyesi Kerem Abdurahimo\u011flu, K\u00fcresel Az\u0131nl\u0131k Haklar\u0131 2020 Yaz Okuluna kat\u0131ld\u0131. Temmuz ay\u0131nda Budape\u015fte\u2019de yap\u0131lmas\u0131 planlanan yaz okulu, Covid19 pandemisi sebebiyle 8-10 Ekim tarihleri aras\u0131nda \u00e7evrimi\u00e7i ortamda ger\u00e7ekleitirildi. Bu y\u0131l sekizincisi d\u00fczenlenen ve Tom Lantos Enstit\u00fcs\u00fc, Macaristan Ulusal Kamu Hizmeti \u00dcniversitesi, Uluslaras\u0131 Az\u0131nl\u0131k Haklar\u0131 Grubu ve Eurac Ara\u015ft\u0131rmalar\u0131\u2019n\u0131n i\u015fbirli\u011fi ile<\/p>\n<div class=\"read-more\"><a href=\"https:\/\/www.btaytd.org\/web\/tr\/cevrimici-kuresel-azinlik-haklari-2020-yaz-okulu\/\" title=\"Read More\">Read More<\/a><\/div>\n","protected":false},"author":8,"featured_media":3215,"comment_status":"closed","ping_status":"closed","sticky":false,"template":"","format":"standard","meta":{"footnotes":""},"categories":[44,46,94],"tags":[],"class_list":{"0":"post-3214","1":"post","2":"type-post","3":"status-publish","4":"format-standard","5":"has-post-thumbnail","7":"category-alt-kurullar","8":"category-dis-iliskiler-ve-insan-haklari","9":"category-fotograflar"},"_links":{"self":[{"href":"https:\/\/www.btaytd.org\/web\/wp-json\/wp\/v2\/posts\/3214"}],"collection":[{"href":"https:\/\/www.btaytd.org\/web\/wp-json\/wp\/v2\/posts"}],"about":[{"href":"https:\/\/www.btaytd.org\/web\/wp-json\/wp\/v2\/types\/post"}],"author":[{"embeddable":true,"href":"https:\/\/www.btaytd.org\/web\/wp-json\/wp\/v2\/users\/8"}],"replies":[{"embeddable":true,"href":"https:\/\/www.btaytd.org\/web\/wp-json\/wp\/v2\/comments?post=3214"}],"version-history":[{"count":1,"href":"https:\/\/www.btaytd.org\/web\/wp-json\/wp\/v2\/posts\/3214\/revisions"}],"predecessor-version":[{"id":3217,"href":"https:\/\/www.btaytd.org\/web\/wp-json\/wp\/v2\/posts\/3214\/revisions\/3217"}],"wp:featuredmedia":[{"embeddable":true,"href":"https:\/\/www.btaytd.org\/web\/wp-json\/wp\/v2\/media\/3215"}],"wp:attachment":[{"href":"https:\/\/www.btaytd.org\/web\/wp-json\/wp\/v2\/media?parent=3214"}],"wp:term":[{"taxonomy":"category","embeddable":true,"href":"https:\/\/www.btaytd.org\/web\/wp-json\/wp\/v2\/categories?post=3214"},{"taxonomy":"post_tag","embeddable":true,"href":"https:\/\/www.btaytd.org\/web\/wp-json\/wp\/v2\/tags?post=3214"}],"curies":[{"name":"wp","href":"https:\/\/api.w.org\/{rel}","templated":true}]}}