{"id":3300,"date":"2020-11-06T10:10:19","date_gmt":"2020-11-06T10:10:19","guid":{"rendered":"https:\/\/www.btaytd.org\/web\/?p=3300"},"modified":"2020-11-06T10:10:21","modified_gmt":"2020-11-06T10:10:21","slug":"bati-trakya-turk-heyeti-cok-dilli-egitim-konulu-agit-seminerine-katildi","status":"publish","type":"post","link":"https:\/\/www.btaytd.org\/web\/tr\/bati-trakya-turk-heyeti-cok-dilli-egitim-konulu-agit-seminerine-katildi\/","title":{"rendered":"Bat\u0131 Trakya T\u00fcrk heyeti \u00e7ok dilli e\u011fitim konulu AG\u0130T seminerine kat\u0131ld\u0131"},"content":{"rendered":"\n<p><strong>ABTTF ve BTAYTD temsilcilerinden olu\u015fan Bat\u0131 Trakya T\u00fcrk heyeti, Bat\u0131 Trakya T\u00fcrk toplumunun e\u011fitimdeki \u00f6zerkli\u011finin iade edilmesini talep&nbsp; ederek iki dilli az\u0131nl\u0131k anaokullar\u0131 kurulmas\u0131n\u0131 istedi<\/strong><\/p>\n\n\n\n<p>Bat\u0131 Trakya T\u00fcrk toplumunu temsilen Avrupa Bat\u0131 Trakya T\u00fcrk Federasyonu (ABTTF) ve Bat\u0131 Trakya Az\u0131nl\u0131\u011f\u0131 Y\u00fcksek Tahsilliler Derne\u011fi (BTAYTD) 4 Kas\u0131m 2020 tarihinde Avrupa G\u00fcvenlik ve \u0130\u015fbirli\u011fi Te\u015fkilat\u0131\u2019n\u0131n (AG\u0130T) d\u00fczenledi\u011fi \u201c\u00c7ok Dilli E\u011fitimin Geli\u015fimi ve Uygulamas\u0131: Lahey Tavsiyelerinden Dijital \u00c7a\u011fa\u201d ba\u015fl\u0131kl\u0131 \u00e7evrimi\u00e7i seminere (webinar) kat\u0131ld\u0131.<\/p>\n\n\n\n<p>AG\u0130T D\u00f6nem Ba\u015fkan\u0131 Arnavutluk\u2019un deste\u011fi ile AG\u0130T Demokratik Kurumlar ve \u0130nsan Haklar\u0131 Ofisi (ODIHR), AG\u0130T Medya \u00d6zg\u00fcrl\u00fc\u011f\u00fc Temsilcisi Ofisi ve AG\u0130T Ulusal Az\u0131nl\u0131klar Y\u00fcksek Komiserli\u011fi Ofisi\u2019nin i\u015f birli\u011finde d\u00fczenlenen \u201cDemokrasi ve \u0130nsan Haklar\u0131n\u0131 Savunmada Otuz Y\u0131l\u201d ba\u015fl\u0131kl\u0131 \u00e7evrimi\u00e7i seminer (webinar) serisinde AG\u0130T Ulusal Az\u0131nl\u0131klar Y\u00fcksek Komiserli\u011fi Ofisi\u2019nin moderat\u00f6rl\u00fc\u011f\u00fcnde ger\u00e7ekle\u015fen&nbsp; alt\u0131nc\u0131 webinara ABTTF Uluslararas\u0131 \u0130li\u015fkiler Direkt\u00f6r\u00fc Melek K\u0131rmac\u0131 Ar\u0131k ile BTAYTD Genel Sekreteri Meltem Giritli ve BTAYTD \u00fcyesi Kerem Apd\u00fcrahimo\u011flu i\u015ftirak ettiler.<\/p>\n\n\n\n<p>AG\u0130T Ulusal Az\u0131nl\u0131klar Y\u00fcksek Komiseri Ofisi\u2019nden Christophe Kamp\u2019in moderat\u00f6rl\u00fc\u011f\u00fcnde ger\u00e7ekle\u015fen webinarda S\u0131rbistan E\u011fitim, Bilim ve Teknolojik Geli\u015fme Bakanl\u0131\u011f\u0131 Devlet Sekreteri &nbsp;Anamarija Vi\u010dek, \u00dcsk\u00fcp Nansen Diyalog Merkezi Y\u00f6netici Direkt\u00f6r\u00fc Veton Zekolli ve K\u0131rg\u0131zistan E\u011fitim ve Bilim Bakan Yard\u0131mc\u0131s\u0131 Nadira Dzusupbekova, S\u0131rbistan, Kuzey Makedonya ve K\u0131rg\u0131zistan\u2019daki \u00e7ok dilli e\u011fitim modellerini aktard\u0131lar. Konu\u015fmac\u0131lar, COVID-19 pandemisi nedeniyle&nbsp; uzaktan eri\u015fime ge\u00e7tikleri d\u00f6nemde \u00e7ok&nbsp; dilli e\u011fitim sisteminin nas\u0131l s\u00fcrd\u00fcr\u00fcld\u00fc\u011f\u00fcn\u00fc \u00fclkelerinden \u00f6rnekler ile aktard\u0131lar.<\/p>\n\n\n\n<p>Webinar\u0131n kurallar\u0131 \u00e7er\u00e7evesinde kat\u0131l\u0131mc\u0131lar\u0131n tavsiyelerini AG\u0130T\u2019e yaz\u0131l\u0131 olarak iletebildikleri webinarda ABTTF, ulusal az\u0131nl\u0131klar\u0131n kendi e\u011fitim kurumlar\u0131nda ana dilde e\u011fitim hakk\u0131na sahip olmas\u0131 gerekti\u011fini belirten Lahey Tavsiyelerine at\u0131fta bulunarak Yunanistan\u2019dan Bat\u0131 Trakya T\u00fcrk toplumunun Lozan Antla\u015fmas\u0131 ile tan\u0131nan e\u011fitimdeki \u00f6zerkli\u011finin iade edilmesini ve&nbsp; okul \u00f6ncesi d\u00fczeyde iki dilli az\u0131nl\u0131k anaokullar\u0131n\u0131n kurulmas\u0131n\u0131 talep etti.<\/p>\n","protected":false},"excerpt":{"rendered":"<p>ABTTF ve BTAYTD temsilcilerinden olu\u015fan Bat\u0131 Trakya T\u00fcrk heyeti, Bat\u0131 Trakya T\u00fcrk toplumunun e\u011fitimdeki \u00f6zerkli\u011finin iade edilmesini talep&nbsp; ederek iki dilli az\u0131nl\u0131k anaokullar\u0131 kurulmas\u0131n\u0131 istedi Bat\u0131 Trakya T\u00fcrk toplumunu temsilen Avrupa Bat\u0131 Trakya T\u00fcrk Federasyonu (ABTTF) ve Bat\u0131 Trakya Az\u0131nl\u0131\u011f\u0131 Y\u00fcksek Tahsilliler Derne\u011fi (BTAYTD) 4 Kas\u0131m 2020 tarihinde Avrupa G\u00fcvenlik ve \u0130\u015fbirli\u011fi Te\u015fkilat\u0131\u2019n\u0131n (AG\u0130T) d\u00fczenledi\u011fi<\/p>\n<div class=\"read-more\"><a href=\"https:\/\/www.btaytd.org\/web\/tr\/bati-trakya-turk-heyeti-cok-dilli-egitim-konulu-agit-seminerine-katildi\/\" title=\"Read More\">Read More<\/a><\/div>\n","protected":false},"author":8,"featured_media":2675,"comment_status":"closed","ping_status":"closed","sticky":false,"template":"","format":"standard","meta":{"footnotes":""},"categories":[44,46,94],"tags":[],"class_list":{"0":"post-3300","1":"post","2":"type-post","3":"status-publish","4":"format-standard","5":"has-post-thumbnail","7":"category-alt-kurullar","8":"category-dis-iliskiler-ve-insan-haklari","9":"category-fotograflar"},"_links":{"self":[{"href":"https:\/\/www.btaytd.org\/web\/wp-json\/wp\/v2\/posts\/3300"}],"collection":[{"href":"https:\/\/www.btaytd.org\/web\/wp-json\/wp\/v2\/posts"}],"about":[{"href":"https:\/\/www.btaytd.org\/web\/wp-json\/wp\/v2\/types\/post"}],"author":[{"embeddable":true,"href":"https:\/\/www.btaytd.org\/web\/wp-json\/wp\/v2\/users\/8"}],"replies":[{"embeddable":true,"href":"https:\/\/www.btaytd.org\/web\/wp-json\/wp\/v2\/comments?post=3300"}],"version-history":[{"count":1,"href":"https:\/\/www.btaytd.org\/web\/wp-json\/wp\/v2\/posts\/3300\/revisions"}],"predecessor-version":[{"id":3301,"href":"https:\/\/www.btaytd.org\/web\/wp-json\/wp\/v2\/posts\/3300\/revisions\/3301"}],"wp:featuredmedia":[{"embeddable":true,"href":"https:\/\/www.btaytd.org\/web\/wp-json\/wp\/v2\/media\/2675"}],"wp:attachment":[{"href":"https:\/\/www.btaytd.org\/web\/wp-json\/wp\/v2\/media?parent=3300"}],"wp:term":[{"taxonomy":"category","embeddable":true,"href":"https:\/\/www.btaytd.org\/web\/wp-json\/wp\/v2\/categories?post=3300"},{"taxonomy":"post_tag","embeddable":true,"href":"https:\/\/www.btaytd.org\/web\/wp-json\/wp\/v2\/tags?post=3300"}],"curies":[{"name":"wp","href":"https:\/\/api.w.org\/{rel}","templated":true}]}}