{"id":3340,"date":"2020-11-19T13:44:22","date_gmt":"2020-11-19T13:44:22","guid":{"rendered":"https:\/\/www.btaytd.org\/web\/?p=3340"},"modified":"2020-11-19T13:44:24","modified_gmt":"2020-11-19T13:44:24","slug":"hayir-diyorum-sinirlarimi-belirliyom-konulu-soylesi-gerceklestirildi","status":"publish","type":"post","link":"https:\/\/www.btaytd.org\/web\/tr\/hayir-diyorum-sinirlarimi-belirliyom-konulu-soylesi-gerceklestirildi\/","title":{"rendered":"\u201cHAYIR D\u0130YORUM SINIRLARIMI BEL\u0130RL\u0130YOM\u201d KONULU S\u00d6YLE\u015e\u0130 GER\u00c7EKLE\u015eT\u0130R\u0130LD\u0130"},"content":{"rendered":"\n<p>Bat\u0131 Trakya Az\u0131nl\u0131\u011f\u0131 Y\u00fcksek Tahsilliler Derne\u011fi b\u00fcnyesinde faaliyet g\u00f6steren Mesleki Tan\u0131t\u0131m ve Rehberlik kolu, 18 Kas\u0131m \u00c7ar\u015famba g\u00fcn\u00fc, 18:00 ile 19:00 saatleri aras\u0131nda, \u00f6\u011frencilere y\u00f6nelik \u201cHay\u0131r Diyorum S\u0131n\u0131rlar\u0131m\u0131 Belirliyorum\u201d konulu \u00e7evrimi\u00e7i (online) bir s\u00f6yle\u015fi ger\u00e7ekle\u015ftirdi.<\/p>\n\n\n\n<p>\u00d6\u011frencilere gerekti\u011finde hay\u0131r diyebilme becerisini kazand\u0131rmay\u0131 ama\u00e7layan s\u00f6yle\u015fide, hay\u0131r demenin neden \u00f6nemli oldu\u011fu, hangi durumlarda hay\u0131r denmesi gerekti\u011fi a\u00e7\u0131kland\u0131 ve pratik hay\u0131r deme \u00f6rnekleri verildi. Ayr\u0131nt\u0131l\u0131 olarak, insanlar\u0131n isteklerine kar\u015f\u0131l\u0131kl\u0131 sayg\u0131 \u00e7er\u00e7evesinde bak\u0131lmas\u0131 gerekti\u011fi a\u00e7\u0131kland\u0131. Ba\u015fka bir deyi\u015fle, hem istekte bulunan ki\u015filerin hem de muhataplar\u0131n birbirine sayg\u0131 ve anlay\u0131\u015f \u00e7er\u00e7evesinde davranmalar\u0131 gerekti\u011fi vurguland\u0131. Bu do\u011frultuda insanlar\u0131n d\u00fc\u015f\u00fcnmeden di\u011fer ki\u015filere y\u00f6neltti\u011fi isteklere hay\u0131r demenin yanl\u0131\u015f bir davran\u0131\u015f olmad\u0131\u011f\u0131 aktar\u0131ld\u0131. \u00d6\u011frencilere kendilerini \u00f6nemsemeleri gerekti\u011fi ve \u00f6zsayg\u0131n\u0131n bencillikle ayn\u0131 \u015fey olmad\u0131\u011f\u0131 iletildi.<\/p>\n\n\n\n<p>S\u00f6yle\u015finin son k\u0131sm\u0131nda, \u00f6\u011frencilere ba\u015fkalar\u0131n\u0131 k\u0131rmadan kibar bir \u015fekilde nas\u0131l hay\u0131r diyebileceklerine dair pratik \u00f6rnekler verildi ve son olarak \u00f6\u011frencilerden gelen sorular cevapland\u0131r\u0131ld\u0131.<\/p>\n\n\n\n<figure class=\"wp-block-gallery columns-1 is-cropped wp-block-gallery-1 is-layout-flex wp-block-gallery-is-layout-flex\"><ul class=\"blocks-gallery-grid\"><li class=\"blocks-gallery-item\"><figure><img loading=\"lazy\" decoding=\"async\" width=\"1024\" height=\"499\" src=\"https:\/\/www.btaytd.org\/web\/wp-content\/uploads\/2020\/11\/Hayir-diyorum-2-1024x499.jpg\" alt=\"\" data-id=\"3342\" data-full-url=\"https:\/\/www.btaytd.org\/web\/wp-content\/uploads\/2020\/11\/Hayir-diyorum-2.jpg\" data-link=\"https:\/\/www.btaytd.org\/web\/?attachment_id=3342\" class=\"wp-image-3342\" srcset=\"https:\/\/www.btaytd.org\/web\/wp-content\/uploads\/2020\/11\/Hayir-diyorum-2-1024x499.jpg 1024w, https:\/\/www.btaytd.org\/web\/wp-content\/uploads\/2020\/11\/Hayir-diyorum-2-300x146.jpg 300w, https:\/\/www.btaytd.org\/web\/wp-content\/uploads\/2020\/11\/Hayir-diyorum-2-768x374.jpg 768w, https:\/\/www.btaytd.org\/web\/wp-content\/uploads\/2020\/11\/Hayir-diyorum-2.jpg 1336w\" sizes=\"(max-width: 1024px) 100vw, 1024px\" \/><\/figure><\/li><\/ul><\/figure>\n","protected":false},"excerpt":{"rendered":"<p>Bat\u0131 Trakya Az\u0131nl\u0131\u011f\u0131 Y\u00fcksek Tahsilliler Derne\u011fi b\u00fcnyesinde faaliyet g\u00f6steren Mesleki Tan\u0131t\u0131m ve Rehberlik kolu, 18 Kas\u0131m \u00c7ar\u015famba g\u00fcn\u00fc, 18:00 ile 19:00 saatleri aras\u0131nda, \u00f6\u011frencilere y\u00f6nelik \u201cHay\u0131r Diyorum S\u0131n\u0131rlar\u0131m\u0131 Belirliyorum\u201d konulu \u00e7evrimi\u00e7i (online) bir s\u00f6yle\u015fi ger\u00e7ekle\u015ftirdi. \u00d6\u011frencilere gerekti\u011finde hay\u0131r diyebilme becerisini kazand\u0131rmay\u0131 ama\u00e7layan s\u00f6yle\u015fide, hay\u0131r demenin neden \u00f6nemli oldu\u011fu, hangi durumlarda hay\u0131r denmesi gerekti\u011fi a\u00e7\u0131kland\u0131 ve<\/p>\n<div class=\"read-more\"><a href=\"https:\/\/www.btaytd.org\/web\/tr\/hayir-diyorum-sinirlarimi-belirliyom-konulu-soylesi-gerceklestirildi\/\" title=\"Read More\">Read More<\/a><\/div>\n","protected":false},"author":8,"featured_media":3341,"comment_status":"closed","ping_status":"closed","sticky":false,"template":"","format":"standard","meta":{"footnotes":""},"categories":[15,94,62,50],"tags":[],"class_list":{"0":"post-3340","1":"post","2":"type-post","3":"status-publish","4":"format-standard","5":"has-post-thumbnail","7":"category-duyurular","8":"category-fotograflar","9":"category-mesleki-rehberlik","10":"category-tarim-hayvancilik"},"_links":{"self":[{"href":"https:\/\/www.btaytd.org\/web\/wp-json\/wp\/v2\/posts\/3340"}],"collection":[{"href":"https:\/\/www.btaytd.org\/web\/wp-json\/wp\/v2\/posts"}],"about":[{"href":"https:\/\/www.btaytd.org\/web\/wp-json\/wp\/v2\/types\/post"}],"author":[{"embeddable":true,"href":"https:\/\/www.btaytd.org\/web\/wp-json\/wp\/v2\/users\/8"}],"replies":[{"embeddable":true,"href":"https:\/\/www.btaytd.org\/web\/wp-json\/wp\/v2\/comments?post=3340"}],"version-history":[{"count":1,"href":"https:\/\/www.btaytd.org\/web\/wp-json\/wp\/v2\/posts\/3340\/revisions"}],"predecessor-version":[{"id":3343,"href":"https:\/\/www.btaytd.org\/web\/wp-json\/wp\/v2\/posts\/3340\/revisions\/3343"}],"wp:featuredmedia":[{"embeddable":true,"href":"https:\/\/www.btaytd.org\/web\/wp-json\/wp\/v2\/media\/3341"}],"wp:attachment":[{"href":"https:\/\/www.btaytd.org\/web\/wp-json\/wp\/v2\/media?parent=3340"}],"wp:term":[{"taxonomy":"category","embeddable":true,"href":"https:\/\/www.btaytd.org\/web\/wp-json\/wp\/v2\/categories?post=3340"},{"taxonomy":"post_tag","embeddable":true,"href":"https:\/\/www.btaytd.org\/web\/wp-json\/wp\/v2\/tags?post=3340"}],"curies":[{"name":"wp","href":"https:\/\/api.w.org\/{rel}","templated":true}]}}