{"id":3354,"date":"2020-11-23T09:11:18","date_gmt":"2020-11-23T09:11:18","guid":{"rendered":"https:\/\/www.btaytd.org\/web\/?p=3354"},"modified":"2020-11-23T09:11:20","modified_gmt":"2020-11-23T09:11:20","slug":"bati-trakya-turk-heyeti-bm-azinlik-sorunlari-forumuna-katildi","status":"publish","type":"post","link":"https:\/\/www.btaytd.org\/web\/tr\/bati-trakya-turk-heyeti-bm-azinlik-sorunlari-forumuna-katildi\/","title":{"rendered":"Bat\u0131 Trakya T\u00fcrk heyeti BM Az\u0131nl\u0131k Sorunlar\u0131 Forumu\u2019na kat\u0131ld\u0131"},"content":{"rendered":"\n<p><strong>ABTTF ve BTAYTD temsilcilerinden olu\u015fan Bat\u0131 Trakya T\u00fcrk heyeti, Yunanistan\u2019da Bat\u0131 Trakya T\u00fcrk toplumunu hedef alan nefret s\u00f6ylemini dile getirdi.<\/strong><\/p>\n\n\n\n<p>Bat\u0131 Trakya T\u00fcrk toplumunu temsilen Avrupa Bat\u0131 Trakya T\u00fcrk Federasyonu (ABTTF) ve Bat\u0131 Trakya Az\u0131nl\u0131\u011f\u0131 Y\u00fcksek Tahsilliler Derne\u011fi (BTAYTD) 19-20 Kas\u0131m 2020 tarihlerinde d\u00fczenlenen \u201cNefret S\u00f6ylemi, Sosyal Medya ve Az\u0131nl\u0131klar\u201d ba\u015fl\u0131kl\u0131 Birle\u015fmi\u015f Milletler (BM) Az\u0131nl\u0131k Sorunlar\u0131 Forumu\u2019nun 13. oturumuna kat\u0131ld\u0131. Yeni tip koronavir\u00fcs (Kovid-19) salg\u0131n\u0131ndan dolay\u0131 \u00e7evrimi\u00e7i d\u00fczenlenen Forum\u2019a ABTTF Br\u00fcksel Temsilcili\u011fi\u2019nden Deniz Servantie ve BTAYTD \u00fcyesi Kerem Abdurahimo\u011flu i\u015ftirak etti.<\/p>\n\n\n\n<p><strong>Bat\u0131 Trakya T\u00fcrk toplumuna y\u00f6nelik sistematik ayr\u0131mc\u0131l\u0131\u011f\u0131n bir par\u00e7as\u0131 olan nefret s\u00f6ylemi g\u00fcndeme ta\u015f\u0131nd\u0131<\/strong><\/p>\n\n\n\n<p>\u201cSosyal medyada az\u0131nl\u0131klar\u0131 hedef alan nefret s\u00f6yleminin nedenleri, \u00f6l\u00e7e\u011fi ve etkisi\u201d ba\u015fl\u0131kl\u0131 oturumda konu\u015fan ABTTF, 1923 Lozan Antla\u015fmas\u0131 ile stat\u00fcs\u00fc belirlenen Bat\u0131 Trakya T\u00fcrk toplumunun etnik T\u00fcrk kimli\u011finin Yunanistan taraf\u0131ndan tan\u0131nmad\u0131\u011f\u0131n\u0131 ve inkar edildi\u011fini kaydetti. Yunanistan\u2019da Bat\u0131 Trakya T\u00fcrk toplumunu hedef alan nefret s\u00f6yleminin siyasette ve medyan\u0131n b\u00fcy\u00fck b\u00f6l\u00fcm\u00fcnde hakim oldu\u011funu belirten ABTTF, koronavir\u00fcs salg\u0131n\u0131n\u0131n ba\u015flad\u0131\u011f\u0131 ilk d\u00f6nemde T\u00fcrk toplumunun g\u00fcnah ke\u00e7isi haline getirilmeye \u00e7al\u0131\u015f\u0131ld\u0131\u011f\u0131na i\u015faret etti.<\/p>\n\n\n\n<p>Ayn\u0131 oturumda konu\u015fan BTAYTD, Bat\u0131 Trakya T\u00fcrk toplumunun Yunanistan\u2019da yerel ve ulusal d\u00fczeyde \u00e7o\u011funluk medyas\u0131nda milliyet\u00e7i ve nefret s\u00f6yleminin hedefi haline getirildi\u011fini belirterek, bunun do\u011frudan BM Medeni ve Siyasi Haklara \u0130li\u015fkin Uluslararas\u0131 S\u00f6zle\u015fme\u2019nin (ICCPR) d\u00fc\u015f\u00fcnce ve ifade \u00f6zg\u00fcrl\u00fc\u011f\u00fc ile ilgili 19. maddesinin bir ihlalini olu\u015fturdu\u011funu ifade etti. BTAYTD, Yunan devletinden Bat\u0131 Trakya T\u00fcrk toplumunun etnik T\u00fcrk kimli\u011fini tan\u0131mas\u0131 ve nefret s\u00f6ylemi ile onun do\u011fal sonucu olan nefret su\u00e7lar\u0131n\u0131n \u00f6nlenmesine y\u00f6nelik gerekli tedbirleri almas\u0131n\u0131 talep etti.<\/p>\n\n\n\n<p>Forum\u2019un ikinci g\u00fcn\u00fcndeki \u201c\u00c7evrimi\u00e7i nefret s\u00f6yleminin d\u00fczenlenmesi: h\u00fck\u00fcmetler aras\u0131 kurulu\u015flar\u0131n, devletlerin, internet \u015firketlerinin ve sosyal medya platformlar\u0131n\u0131n rol\u00fc ve sorumlulu\u011fu\u201d ba\u015fl\u0131kl\u0131 oturumda konu\u015fan ABTTF, Yunanistan\u2019da Bat\u0131 Trakya T\u00fcrk toplumunun son y\u0131llarda bir\u00e7ok kez nefret sald\u0131r\u0131lar\u0131na maruz kald\u0131\u011f\u0131n\u0131 ve T\u00fcrk toplumuna ait kurumlar ve ibadet yerlerinin kimli\u011fi belirsiz ki\u015filerce sald\u0131r\u0131ya u\u011frad\u0131\u011f\u0131n\u0131 dile getirdi. ABTTF, Yunan h\u00fck\u00fcmetinden Bat\u0131 Trakya T\u00fcrk toplumuna y\u00f6nelik nefret s\u00f6ylemi ve su\u00e7lar\u0131na kar\u015f\u0131 \u00f6nlem alma \u00e7a\u011fr\u0131s\u0131nda bulunarak, bunun i\u00e7in sosyal medya platformlar\u0131nda nefret su\u00e7lar\u0131na yol a\u00e7abilecek nefret s\u00f6yleminin do\u011fru bir \u015fekilde tan\u0131mlanmas\u0131 i\u00e7in mekanizmalar\u0131n g\u00fc\u00e7lendirilmesi ve gereken yapt\u0131r\u0131mlar\u0131n mutlaka al\u0131nmas\u0131 \u00e7a\u011fr\u0131s\u0131nda bulundu.<\/p>\n\n\n\n<p>Forum\u2019da yan\u0131t hakk\u0131n\u0131 kullanan Yunanistan, Bat\u0131 Trakya\u2019da yaln\u0131zca M\u00fcsl\u00fcman ve dini bir az\u0131nl\u0131k oldu\u011fu y\u00f6n\u00fcndeki resmi tezini tekrar ederek, Yunanistan\u2019\u0131n nefret s\u00f6ylemine kar\u015f\u0131 giri\u015fimlerde bulundu\u011funu ileri s\u00fcrd\u00fc.<\/p>\n\n\n\n<figure class=\"wp-block-gallery columns-2 is-cropped wp-block-gallery-1 is-layout-flex wp-block-gallery-is-layout-flex\"><ul class=\"blocks-gallery-grid\"><li class=\"blocks-gallery-item\"><figure><img loading=\"lazy\" decoding=\"async\" width=\"792\" height=\"425\" src=\"https:\/\/www.btaytd.org\/web\/wp-content\/uploads\/2020\/11\/2_fernanddevarennes.jpg\" alt=\"\" data-id=\"3356\" data-full-url=\"https:\/\/www.btaytd.org\/web\/wp-content\/uploads\/2020\/11\/2_fernanddevarennes.jpg\" data-link=\"https:\/\/www.btaytd.org\/web\/?attachment_id=3356\" class=\"wp-image-3356\" srcset=\"https:\/\/www.btaytd.org\/web\/wp-content\/uploads\/2020\/11\/2_fernanddevarennes.jpg 792w, https:\/\/www.btaytd.org\/web\/wp-content\/uploads\/2020\/11\/2_fernanddevarennes-300x161.jpg 300w, https:\/\/www.btaytd.org\/web\/wp-content\/uploads\/2020\/11\/2_fernanddevarennes-768x412.jpg 768w, https:\/\/www.btaytd.org\/web\/wp-content\/uploads\/2020\/11\/2_fernanddevarennes-85x45.jpg 85w\" sizes=\"(max-width: 792px) 100vw, 792px\" \/><\/figure><\/li><li class=\"blocks-gallery-item\"><figure><img loading=\"lazy\" decoding=\"async\" width=\"978\" height=\"494\" src=\"https:\/\/www.btaytd.org\/web\/wp-content\/uploads\/2020\/11\/3_unforumonminorityissues13thsession.jpg\" alt=\"\" data-id=\"3357\" data-full-url=\"https:\/\/www.btaytd.org\/web\/wp-content\/uploads\/2020\/11\/3_unforumonminorityissues13thsession.jpg\" data-link=\"https:\/\/www.btaytd.org\/web\/?attachment_id=3357\" class=\"wp-image-3357\" srcset=\"https:\/\/www.btaytd.org\/web\/wp-content\/uploads\/2020\/11\/3_unforumonminorityissues13thsession.jpg 978w, https:\/\/www.btaytd.org\/web\/wp-content\/uploads\/2020\/11\/3_unforumonminorityissues13thsession-300x152.jpg 300w, https:\/\/www.btaytd.org\/web\/wp-content\/uploads\/2020\/11\/3_unforumonminorityissues13thsession-768x388.jpg 768w\" sizes=\"(max-width: 978px) 100vw, 978px\" \/><\/figure><\/li><\/ul><\/figure>\n","protected":false},"excerpt":{"rendered":"<p>ABTTF ve BTAYTD temsilcilerinden olu\u015fan Bat\u0131 Trakya T\u00fcrk heyeti, Yunanistan\u2019da Bat\u0131 Trakya T\u00fcrk toplumunu hedef alan nefret s\u00f6ylemini dile getirdi. Bat\u0131 Trakya T\u00fcrk toplumunu temsilen Avrupa Bat\u0131 Trakya T\u00fcrk Federasyonu (ABTTF) ve Bat\u0131 Trakya Az\u0131nl\u0131\u011f\u0131 Y\u00fcksek Tahsilliler Derne\u011fi (BTAYTD) 19-20 Kas\u0131m 2020 tarihlerinde d\u00fczenlenen \u201cNefret S\u00f6ylemi, Sosyal Medya ve Az\u0131nl\u0131klar\u201d ba\u015fl\u0131kl\u0131 Birle\u015fmi\u015f Milletler (BM) Az\u0131nl\u0131k<\/p>\n<div class=\"read-more\"><a href=\"https:\/\/www.btaytd.org\/web\/tr\/bati-trakya-turk-heyeti-bm-azinlik-sorunlari-forumuna-katildi\/\" title=\"Read More\">Read More<\/a><\/div>\n","protected":false},"author":8,"featured_media":3355,"comment_status":"closed","ping_status":"closed","sticky":false,"template":"","format":"standard","meta":{"footnotes":""},"categories":[44,46,94,88],"tags":[],"class_list":{"0":"post-3354","1":"post","2":"type-post","3":"status-publish","4":"format-standard","5":"has-post-thumbnail","7":"category-alt-kurullar","8":"category-dis-iliskiler-ve-insan-haklari","9":"category-fotograflar","10":"category-haberler"},"_links":{"self":[{"href":"https:\/\/www.btaytd.org\/web\/wp-json\/wp\/v2\/posts\/3354"}],"collection":[{"href":"https:\/\/www.btaytd.org\/web\/wp-json\/wp\/v2\/posts"}],"about":[{"href":"https:\/\/www.btaytd.org\/web\/wp-json\/wp\/v2\/types\/post"}],"author":[{"embeddable":true,"href":"https:\/\/www.btaytd.org\/web\/wp-json\/wp\/v2\/users\/8"}],"replies":[{"embeddable":true,"href":"https:\/\/www.btaytd.org\/web\/wp-json\/wp\/v2\/comments?post=3354"}],"version-history":[{"count":1,"href":"https:\/\/www.btaytd.org\/web\/wp-json\/wp\/v2\/posts\/3354\/revisions"}],"predecessor-version":[{"id":3358,"href":"https:\/\/www.btaytd.org\/web\/wp-json\/wp\/v2\/posts\/3354\/revisions\/3358"}],"wp:featuredmedia":[{"embeddable":true,"href":"https:\/\/www.btaytd.org\/web\/wp-json\/wp\/v2\/media\/3355"}],"wp:attachment":[{"href":"https:\/\/www.btaytd.org\/web\/wp-json\/wp\/v2\/media?parent=3354"}],"wp:term":[{"taxonomy":"category","embeddable":true,"href":"https:\/\/www.btaytd.org\/web\/wp-json\/wp\/v2\/categories?post=3354"},{"taxonomy":"post_tag","embeddable":true,"href":"https:\/\/www.btaytd.org\/web\/wp-json\/wp\/v2\/tags?post=3354"}],"curies":[{"name":"wp","href":"https:\/\/api.w.org\/{rel}","templated":true}]}}