{"id":3418,"date":"2020-12-18T07:42:06","date_gmt":"2020-12-18T07:42:06","guid":{"rendered":"https:\/\/www.btaytd.org\/web\/?p=3418"},"modified":"2020-12-18T07:42:08","modified_gmt":"2020-12-18T07:42:08","slug":"duyuru-11","status":"publish","type":"post","link":"https:\/\/www.btaytd.org\/web\/tr\/duyuru-11\/","title":{"rendered":"DUYURU"},"content":{"rendered":"\n<p>Bat\u0131 Trakya Az\u0131nl\u0131\u011f\u0131 Y\u00fcksek Tahsilliler Derne\u011fi b\u00fcnyesinde faaliyet g\u00f6steren Mesleki Tan\u0131t\u0131m ve Rehberlik Kolu,Lise \u00f6\u011frencilerine y\u00f6nelik Fizyoterapi ve Rehabilitasyon B\u00f6l\u00fcm\u00fc hakk\u0131nda tan\u0131t\u0131m s\u00f6yle\u015fisi ger\u00e7ekle\u015ftirecektir. \u00c7evrimi\u00e7i ger\u00e7ekle\u015ftirilecek olan etkinli\u011fe t\u00fcm \u00f6\u011frenciler davetlidir.<\/p>\n\n\n\n<p>Sunuma kat\u0131lmak isteyenler dernek ile ileti\u015fime ge\u00e7ebilir.<\/p>\n\n\n\n<p>Tarih: 19 Aral\u0131k 2020 Cumartesi<\/p>\n\n\n\n<p>Saat: 18:00<\/p>\n","protected":false},"excerpt":{"rendered":"<p>Bat\u0131 Trakya Az\u0131nl\u0131\u011f\u0131 Y\u00fcksek Tahsilliler Derne\u011fi b\u00fcnyesinde faaliyet g\u00f6steren Mesleki Tan\u0131t\u0131m ve Rehberlik Kolu,Lise \u00f6\u011frencilerine y\u00f6nelik Fizyoterapi ve Rehabilitasyon B\u00f6l\u00fcm\u00fc hakk\u0131nda tan\u0131t\u0131m s\u00f6yle\u015fisi ger\u00e7ekle\u015ftirecektir. \u00c7evrimi\u00e7i ger\u00e7ekle\u015ftirilecek olan etkinli\u011fe t\u00fcm \u00f6\u011frenciler davetlidir. Sunuma kat\u0131lmak isteyenler dernek ile ileti\u015fime ge\u00e7ebilir. Tarih: 19 Aral\u0131k 2020 Cumartesi Saat: 18:00<\/p>\n","protected":false},"author":8,"featured_media":3419,"comment_status":"closed","ping_status":"closed","sticky":false,"template":"","format":"standard","meta":{"footnotes":""},"categories":[44,15,94,62],"tags":[],"class_list":{"0":"post-3418","1":"post","2":"type-post","3":"status-publish","4":"format-standard","5":"has-post-thumbnail","7":"category-alt-kurullar","8":"category-duyurular","9":"category-fotograflar","10":"category-mesleki-rehberlik"},"_links":{"self":[{"href":"https:\/\/www.btaytd.org\/web\/wp-json\/wp\/v2\/posts\/3418"}],"collection":[{"href":"https:\/\/www.btaytd.org\/web\/wp-json\/wp\/v2\/posts"}],"about":[{"href":"https:\/\/www.btaytd.org\/web\/wp-json\/wp\/v2\/types\/post"}],"author":[{"embeddable":true,"href":"https:\/\/www.btaytd.org\/web\/wp-json\/wp\/v2\/users\/8"}],"replies":[{"embeddable":true,"href":"https:\/\/www.btaytd.org\/web\/wp-json\/wp\/v2\/comments?post=3418"}],"version-history":[{"count":1,"href":"https:\/\/www.btaytd.org\/web\/wp-json\/wp\/v2\/posts\/3418\/revisions"}],"predecessor-version":[{"id":3420,"href":"https:\/\/www.btaytd.org\/web\/wp-json\/wp\/v2\/posts\/3418\/revisions\/3420"}],"wp:featuredmedia":[{"embeddable":true,"href":"https:\/\/www.btaytd.org\/web\/wp-json\/wp\/v2\/media\/3419"}],"wp:attachment":[{"href":"https:\/\/www.btaytd.org\/web\/wp-json\/wp\/v2\/media?parent=3418"}],"wp:term":[{"taxonomy":"category","embeddable":true,"href":"https:\/\/www.btaytd.org\/web\/wp-json\/wp\/v2\/categories?post=3418"},{"taxonomy":"post_tag","embeddable":true,"href":"https:\/\/www.btaytd.org\/web\/wp-json\/wp\/v2\/tags?post=3418"}],"curies":[{"name":"wp","href":"https:\/\/api.w.org\/{rel}","templated":true}]}}