{"id":3482,"date":"2021-01-31T19:57:08","date_gmt":"2021-01-31T19:57:08","guid":{"rendered":"https:\/\/www.btaytd.org\/web\/?p=3482"},"modified":"2021-01-31T19:57:11","modified_gmt":"2021-01-31T19:57:11","slug":"mesleki-tanitim-ve-rehberlik-kolu-lise-ogrencilerine-hemsirelik-bolumunu-tanitti","status":"publish","type":"post","link":"https:\/\/www.btaytd.org\/web\/tr\/mesleki-tanitim-ve-rehberlik-kolu-lise-ogrencilerine-hemsirelik-bolumunu-tanitti\/","title":{"rendered":"Mesleki Tan\u0131t\u0131m ve Rehberlik Kolu Lise \u00d6\u011frencilerine Hem\u015firelik B\u00f6l\u00fcm\u00fcn\u00fc Tan\u0131tt\u0131"},"content":{"rendered":"\n<p>Bat\u0131 Trakya Az\u0131nl\u0131\u011f\u0131 Y\u00fcksek Tahsilliler Derne\u011fi b\u00fcnyesinde faaliyet g\u00f6steren Mesleki Tan\u0131t\u0131m ve Rehberlik Kolu, 30 Ocak 2021 Cumartesi g\u00fcn\u00fc saat 18.00 da lise \u00f6\u011frencilerine Hem\u015firelik B\u00f6l\u00fcm\u00fcn\u00fc tan\u0131tt\u0131.\u00a0 Tan\u0131t\u0131ma konu\u015fmac\u0131 olarak Ege \u00dcniversitesi Y\u00fcksek Hem\u015firelik b\u00f6l\u00fcm\u00fcnden mezun ve \u0130ske\u00e7e Devlet Hastanesi&#8217;nde mesle\u011fini icra eden sn. Aynur KIN\u00c7 kat\u0131larak, Hem\u015firelik B\u00f6l\u00fcm\u00fc ve mesle\u011fi hakk\u0131nda \u00e7e\u015fitli bilgi ve deneyimlerini payla\u015ft\u0131.<\/p>\n","protected":false},"excerpt":{"rendered":"<p>Bat\u0131 Trakya Az\u0131nl\u0131\u011f\u0131 Y\u00fcksek Tahsilliler Derne\u011fi b\u00fcnyesinde faaliyet g\u00f6steren Mesleki Tan\u0131t\u0131m ve Rehberlik Kolu, 30 Ocak 2021 Cumartesi g\u00fcn\u00fc saat 18.00 da lise \u00f6\u011frencilerine Hem\u015firelik B\u00f6l\u00fcm\u00fcn\u00fc tan\u0131tt\u0131.\u00a0 Tan\u0131t\u0131ma konu\u015fmac\u0131 olarak Ege \u00dcniversitesi Y\u00fcksek Hem\u015firelik b\u00f6l\u00fcm\u00fcnden mezun ve \u0130ske\u00e7e Devlet Hastanesi&#8217;nde mesle\u011fini icra eden sn. Aynur KIN\u00c7 kat\u0131larak, Hem\u015firelik B\u00f6l\u00fcm\u00fc ve mesle\u011fi hakk\u0131nda \u00e7e\u015fitli bilgi ve<\/p>\n<div class=\"read-more\"><a href=\"https:\/\/www.btaytd.org\/web\/tr\/mesleki-tanitim-ve-rehberlik-kolu-lise-ogrencilerine-hemsirelik-bolumunu-tanitti\/\" title=\"Read More\">Read More<\/a><\/div>\n","protected":false},"author":8,"featured_media":3483,"comment_status":"closed","ping_status":"closed","sticky":false,"template":"","format":"standard","meta":{"footnotes":""},"categories":[44,94,88,62],"tags":[],"class_list":{"0":"post-3482","1":"post","2":"type-post","3":"status-publish","4":"format-standard","5":"has-post-thumbnail","7":"category-alt-kurullar","8":"category-fotograflar","9":"category-haberler","10":"category-mesleki-rehberlik"},"_links":{"self":[{"href":"https:\/\/www.btaytd.org\/web\/wp-json\/wp\/v2\/posts\/3482"}],"collection":[{"href":"https:\/\/www.btaytd.org\/web\/wp-json\/wp\/v2\/posts"}],"about":[{"href":"https:\/\/www.btaytd.org\/web\/wp-json\/wp\/v2\/types\/post"}],"author":[{"embeddable":true,"href":"https:\/\/www.btaytd.org\/web\/wp-json\/wp\/v2\/users\/8"}],"replies":[{"embeddable":true,"href":"https:\/\/www.btaytd.org\/web\/wp-json\/wp\/v2\/comments?post=3482"}],"version-history":[{"count":1,"href":"https:\/\/www.btaytd.org\/web\/wp-json\/wp\/v2\/posts\/3482\/revisions"}],"predecessor-version":[{"id":3484,"href":"https:\/\/www.btaytd.org\/web\/wp-json\/wp\/v2\/posts\/3482\/revisions\/3484"}],"wp:featuredmedia":[{"embeddable":true,"href":"https:\/\/www.btaytd.org\/web\/wp-json\/wp\/v2\/media\/3483"}],"wp:attachment":[{"href":"https:\/\/www.btaytd.org\/web\/wp-json\/wp\/v2\/media?parent=3482"}],"wp:term":[{"taxonomy":"category","embeddable":true,"href":"https:\/\/www.btaytd.org\/web\/wp-json\/wp\/v2\/categories?post=3482"},{"taxonomy":"post_tag","embeddable":true,"href":"https:\/\/www.btaytd.org\/web\/wp-json\/wp\/v2\/tags?post=3482"}],"curies":[{"name":"wp","href":"https:\/\/api.w.org\/{rel}","templated":true}]}}