{"id":3543,"date":"2021-02-24T17:33:06","date_gmt":"2021-02-24T17:33:06","guid":{"rendered":"https:\/\/www.btaytd.org\/web\/?p=3543"},"modified":"2021-02-24T17:33:09","modified_gmt":"2021-02-24T17:33:09","slug":"btaytd-baskani-ve-fuen-baskani-online-toplanti-gerceklestirdi","status":"publish","type":"post","link":"https:\/\/www.btaytd.org\/web\/tr\/btaytd-baskani-ve-fuen-baskani-online-toplanti-gerceklestirdi\/","title":{"rendered":"BTAYTD BA\u015eKANI VE FUEN BA\u015eKANI ONL\u0130NE TOPLANTI GER\u00c7EKLE\u015eT\u0130RD\u0130"},"content":{"rendered":"\n<p>23 \u015eubat 2021 Sal\u0131 g\u00fcn\u00fc Bat\u0131 Trakya Az\u0131nl\u0131\u011f\u0131 Y\u00fcksek Tahsilliler Derne\u011fi Ba\u015fkan\u0131 H\u00fcseyin Baltac\u0131 ile FUEN Ba\u015fkan\u0131 Lorant Vincze \u00f6zel bir toplant\u0131 d\u00fczenledi. Toplant\u0131 \u00e7evrimi\u00e7i platformda ger\u00e7ekle\u015fti.<\/p>\n\n\n\n<p>Toplant\u0131da Bat\u0131 Trakya T\u00fcrk Az\u0131nl\u0131\u011f\u0131n\u0131n ya\u015fad\u0131\u011f\u0131 sorunlar tart\u0131\u015f\u0131ld\u0131. \u0130lk olarak e\u011fitim sorunlar\u0131 ele al\u0131nd\u0131. \u0130ske\u00e7e Muzaffer Saliho\u011flu Lisesinde derslik problemi ya\u015fand\u0131\u011f\u0131 bu sebepten okulun sabah\u00e7\u0131 ve ak\u015famc\u0131 olmak \u00fczere iki vardiyada e\u011fitim verdi\u011fi BTAYTD ba\u015fkan\u0131 H\u00fcseyin Baltac\u0131 taraf\u0131ndan dile getirildi.<\/p>\n\n\n\n<p>Az\u0131nl\u0131k ilkokullar\u0131n\u0131n g\u00fcnden g\u00fcne \u00e7ocuk say\u0131s\u0131 bahane edilerek kapat\u0131ld\u0131\u011f\u0131 ve anaokullar\u0131nda \u00e7ift dilli e\u011fitimin y\u0131llard\u0131r talep edilmesine kar\u015f\u0131n hen\u00fcz olumlu bir geli\u015fme ya\u015fanmad\u0131\u011f\u0131 da ifade edildi.<\/p>\n\n\n\n<p>Dini \u00f6zg\u00fcrl\u00fcklerimizin k\u0131s\u0131tlanmas\u0131, kamu hizmetlerinde anadilin konu\u015fulmamas\u0131 ve buna kar\u015f\u0131 gelinmesinin de az\u0131nl\u0131\u011f\u0131m\u0131z\u0131 zor durumda b\u0131rakt\u0131\u011f\u0131ndan bahsedildi.&nbsp;<\/p>\n\n\n\n<p>Derneklerimizin ad\u0131nda \u2018T\u00fcrk\u2019 kelimesi kullan\u0131ld\u0131\u011f\u0131 i\u00e7in kapat\u0131ld\u0131klar\u0131 ve y\u0131llard\u0131r hukuki m\u00fccadele verdikleri, \u2018T\u00fcrk\u2019 kimli\u011finin yasakland\u0131\u011f\u0131n\u0131 dile getiren BTAYTD Ba\u015fkan\u0131 H\u00fcseyin Baltac\u0131, FUEN Ba\u015fkan\u0131 Lorant Vincze\u2019den de bu konuda lobi deste\u011fi istedi.<\/p>\n\n\n\n<p>Son olarak g\u00fcndemde olan okul enc\u00fcmen se\u00e7imlerinde haklar\u0131n k\u0131s\u0131tlanmas\u0131n\u0131n yan\u0131 s\u0131ra var olan haklar\u0131n da tamamen elimizden al\u0131nmas\u0131 hedeflenmekte oldu\u011fu ifade edildi. FUEN Ba\u015fkan\u0131 Vincze enc\u00fcmen se\u00e7imleri ile ilgili her t\u00fcrl\u00fc deste\u011fi sa\u011flayacaklar\u0131n\u0131 s\u00f6yledi ve toplant\u0131 sona erdi.<\/p>\n","protected":false},"excerpt":{"rendered":"<p>23 \u015eubat 2021 Sal\u0131 g\u00fcn\u00fc Bat\u0131 Trakya Az\u0131nl\u0131\u011f\u0131 Y\u00fcksek Tahsilliler Derne\u011fi Ba\u015fkan\u0131 H\u00fcseyin Baltac\u0131 ile FUEN Ba\u015fkan\u0131 Lorant Vincze \u00f6zel bir toplant\u0131 d\u00fczenledi. Toplant\u0131 \u00e7evrimi\u00e7i platformda ger\u00e7ekle\u015fti. Toplant\u0131da Bat\u0131 Trakya T\u00fcrk Az\u0131nl\u0131\u011f\u0131n\u0131n ya\u015fad\u0131\u011f\u0131 sorunlar tart\u0131\u015f\u0131ld\u0131. \u0130lk olarak e\u011fitim sorunlar\u0131 ele al\u0131nd\u0131. \u0130ske\u00e7e Muzaffer Saliho\u011flu Lisesinde derslik problemi ya\u015fand\u0131\u011f\u0131 bu sebepten okulun sabah\u00e7\u0131 ve ak\u015famc\u0131 olmak<\/p>\n<div class=\"read-more\"><a href=\"https:\/\/www.btaytd.org\/web\/tr\/btaytd-baskani-ve-fuen-baskani-online-toplanti-gerceklestirdi\/\" title=\"Read More\">Read More<\/a><\/div>\n","protected":false},"author":8,"featured_media":3544,"comment_status":"closed","ping_status":"closed","sticky":false,"template":"","format":"standard","meta":{"footnotes":""},"categories":[46,94,88],"tags":[],"class_list":{"0":"post-3543","1":"post","2":"type-post","3":"status-publish","4":"format-standard","5":"has-post-thumbnail","7":"category-dis-iliskiler-ve-insan-haklari","8":"category-fotograflar","9":"category-haberler"},"_links":{"self":[{"href":"https:\/\/www.btaytd.org\/web\/wp-json\/wp\/v2\/posts\/3543"}],"collection":[{"href":"https:\/\/www.btaytd.org\/web\/wp-json\/wp\/v2\/posts"}],"about":[{"href":"https:\/\/www.btaytd.org\/web\/wp-json\/wp\/v2\/types\/post"}],"author":[{"embeddable":true,"href":"https:\/\/www.btaytd.org\/web\/wp-json\/wp\/v2\/users\/8"}],"replies":[{"embeddable":true,"href":"https:\/\/www.btaytd.org\/web\/wp-json\/wp\/v2\/comments?post=3543"}],"version-history":[{"count":1,"href":"https:\/\/www.btaytd.org\/web\/wp-json\/wp\/v2\/posts\/3543\/revisions"}],"predecessor-version":[{"id":3545,"href":"https:\/\/www.btaytd.org\/web\/wp-json\/wp\/v2\/posts\/3543\/revisions\/3545"}],"wp:featuredmedia":[{"embeddable":true,"href":"https:\/\/www.btaytd.org\/web\/wp-json\/wp\/v2\/media\/3544"}],"wp:attachment":[{"href":"https:\/\/www.btaytd.org\/web\/wp-json\/wp\/v2\/media?parent=3543"}],"wp:term":[{"taxonomy":"category","embeddable":true,"href":"https:\/\/www.btaytd.org\/web\/wp-json\/wp\/v2\/categories?post=3543"},{"taxonomy":"post_tag","embeddable":true,"href":"https:\/\/www.btaytd.org\/web\/wp-json\/wp\/v2\/tags?post=3543"}],"curies":[{"name":"wp","href":"https:\/\/api.w.org\/{rel}","templated":true}]}}