{"id":4500,"date":"2022-02-11T11:50:45","date_gmt":"2022-02-11T11:50:45","guid":{"rendered":"https:\/\/www.btaytd.org\/web\/?p=4500"},"modified":"2022-02-11T11:50:49","modified_gmt":"2022-02-11T11:50:49","slug":"kinama-4","status":"publish","type":"post","link":"https:\/\/www.btaytd.org\/web\/tr\/kinama-4\/","title":{"rendered":"KINAMA"},"content":{"rendered":"\n<p>Yunanistan Yarg\u0131tay Mahkemesi\u2019nin, Avrupa \u0130nsan&nbsp;<a href=\"https:\/\/www.milletgazetesi.gr\/tag\/hak\">Hak<\/a>lar\u0131 Mahkemesi (A\u0130HM) kararlar\u0131na ve Avrupa Konseyi\u2019nin \u00e7a\u011fr\u0131lar\u0131na ra\u011fmen \u0130ske\u00e7e&nbsp;<a href=\"https:\/\/www.milletgazetesi.gr\/tag\/turk\">T\u00fcrk<\/a>&nbsp;Birli\u011fi\u2019nin (\u0130TB) yasal stat\u00fcs\u00fcn\u00fcn iadesiyle ilgili verdi\u011fi ret karar\u0131ndan sonra \u0130ske\u00e7e&nbsp;<a href=\"https:\/\/www.milletgazetesi.gr\/tag\/turk\">T\u00fcrk<\/a>&nbsp;Birli\u011fi taraf\u0131ndan 10 Temmuz 2021 tarihinde bir y\u00fcr\u00fcy\u00fc\u015f ger\u00e7ekle\u015ftirilmi\u015ftir. Demokratik normlara uygun olarak ger\u00e7ekle\u015ftirilen y\u00fcr\u00fcy\u00fc\u015fte herhangi bir k\u0131\u015fk\u0131rt\u0131c\u0131 s\u00f6ylem ve ta\u015fk\u0131nl\u0131k asla ya\u015fanmam\u0131\u015ft\u0131r. Bu eylemden 7 ay sonra \u0130ske\u00e7e&nbsp;<a href=\"https:\/\/www.milletgazetesi.gr\/tag\/savci\">Savc\u0131<\/a>l\u0131\u011f\u0131 taraf\u0131ndan ba\u015flat\u0131lan&nbsp;<a href=\"https:\/\/www.milletgazetesi.gr\/tag\/sorusturma\">soru\u015fturma<\/a>&nbsp;\u00e7er\u00e7evesinde \u0130ske\u00e7e&nbsp;<a href=\"https:\/\/www.milletgazetesi.gr\/tag\/turk\">T\u00fcrk<\/a>&nbsp;Birli\u011fi Ba\u015fkan\u0131&nbsp;<a href=\"https:\/\/www.milletgazetesi.gr\/tag\/ozan-ahmetoglu\">Ozan Ahmeto\u011flu<\/a>\u2019nun 9 \u015eubat \u00c7ar\u015famba g\u00fcn\u00fc ifadeye \u00e7a\u011fr\u0131ld\u0131\u011f\u0131n\u0131 hayal k\u0131r\u0131kl\u0131\u011f\u0131 ile \u00f6\u011frenmi\u015f bulunmaktay\u0131z. 14 y\u0131ld\u0131r Avrupa \u0130nsan&nbsp;<a href=\"https:\/\/www.milletgazetesi.gr\/tag\/hak\">Hak<\/a>lar\u0131 Mahkemesi karar\u0131 ile&nbsp;<a href=\"https:\/\/www.milletgazetesi.gr\/tag\/hak\">hak<\/a>l\u0131 bulunan ancak \u00fclkemiz Yunanistan\u2019\u0131n uygulamamakta \u0131srar etti\u011fi kararlar\u0131 protesto etti\u011fimiz demokratik eylemde, k\u0131\u015fk\u0131rt\u0131c\u0131 konu\u015fmalar\u0131n oldu\u011fu iddia edilerek 7 ay sonra a\u00e7\u0131lan&nbsp;<a href=\"https:\/\/www.milletgazetesi.gr\/tag\/sorusturma\">soru\u015fturma<\/a>&nbsp;asla kabul edilebilir bir durum de\u011fildir. \u0130ske\u00e7e&nbsp;<a href=\"https:\/\/www.milletgazetesi.gr\/tag\/turk\">T\u00fcrk<\/a>&nbsp;Birli\u011fi\u2019nin 39 y\u0131ld\u0131r s\u00fcrd\u00fcrd\u00fc\u011f\u00fc&nbsp;<a href=\"https:\/\/www.milletgazetesi.gr\/tag\/hak\">Hak<\/a>&nbsp;Arama M\u00fccadelesinde yan\u0131nda olduk ve bundan sonrada olmaya devam edece\u011fiz.<\/p>\n\n\n\n<p><strong>&nbsp;&nbsp;&nbsp;&nbsp;&nbsp;&nbsp;&nbsp;&nbsp;&nbsp;&nbsp;&nbsp;&nbsp;&nbsp;&nbsp;&nbsp;&nbsp;&nbsp;&nbsp;&nbsp;&nbsp;&nbsp;&nbsp;&nbsp;&nbsp;&nbsp; &nbsp;&nbsp;&nbsp;&nbsp;&nbsp;&nbsp;&nbsp;&nbsp;&nbsp;&nbsp;&nbsp;&nbsp;&nbsp;&nbsp;&nbsp;&nbsp;&nbsp;&nbsp;&nbsp;&nbsp;&nbsp;&nbsp;&nbsp;&nbsp;&nbsp;&nbsp;&nbsp;&nbsp;&nbsp;&nbsp;&nbsp;&nbsp;&nbsp;&nbsp;&nbsp;&nbsp;&nbsp;&nbsp;&nbsp;&nbsp;&nbsp;&nbsp;&nbsp;&nbsp;&nbsp;&nbsp;&nbsp;&nbsp;&nbsp;&nbsp;&nbsp;&nbsp;&nbsp;&nbsp;&nbsp;&nbsp;&nbsp;&nbsp;&nbsp;&nbsp;&nbsp;&nbsp;&nbsp;&nbsp;&nbsp;&nbsp;&nbsp;&nbsp;&nbsp;&nbsp;&nbsp;&nbsp;&nbsp;&nbsp;&nbsp;&nbsp;&nbsp;&nbsp;&nbsp;BTAYTD<\/strong><\/p>\n\n\n\n<p><strong>Y\u00d6NET\u0130M KURULU<\/strong><\/p>\n","protected":false},"excerpt":{"rendered":"<p>Yunanistan Yarg\u0131tay Mahkemesi\u2019nin, Avrupa \u0130nsan&nbsp;Haklar\u0131 Mahkemesi (A\u0130HM) kararlar\u0131na ve Avrupa Konseyi\u2019nin \u00e7a\u011fr\u0131lar\u0131na ra\u011fmen \u0130ske\u00e7e&nbsp;T\u00fcrk&nbsp;Birli\u011fi\u2019nin (\u0130TB) yasal stat\u00fcs\u00fcn\u00fcn iadesiyle ilgili verdi\u011fi ret karar\u0131ndan sonra \u0130ske\u00e7e&nbsp;T\u00fcrk&nbsp;Birli\u011fi taraf\u0131ndan 10 Temmuz 2021 tarihinde bir y\u00fcr\u00fcy\u00fc\u015f ger\u00e7ekle\u015ftirilmi\u015ftir. Demokratik normlara uygun olarak ger\u00e7ekle\u015ftirilen y\u00fcr\u00fcy\u00fc\u015fte herhangi bir k\u0131\u015fk\u0131rt\u0131c\u0131 s\u00f6ylem ve ta\u015fk\u0131nl\u0131k asla ya\u015fanmam\u0131\u015ft\u0131r. Bu eylemden 7 ay sonra \u0130ske\u00e7e&nbsp;Savc\u0131l\u0131\u011f\u0131 taraf\u0131ndan ba\u015flat\u0131lan&nbsp;soru\u015fturma&nbsp;\u00e7er\u00e7evesinde \u0130ske\u00e7e&nbsp;T\u00fcrk&nbsp;Birli\u011fi<\/p>\n<div class=\"read-more\"><a href=\"https:\/\/www.btaytd.org\/web\/tr\/kinama-4\/\" title=\"Read More\">Read More<\/a><\/div>\n","protected":false},"author":8,"featured_media":4459,"comment_status":"closed","ping_status":"closed","sticky":false,"template":"","format":"standard","meta":{"footnotes":""},"categories":[15,94],"tags":[],"class_list":{"0":"post-4500","1":"post","2":"type-post","3":"status-publish","4":"format-standard","5":"has-post-thumbnail","7":"category-duyurular","8":"category-fotograflar"},"_links":{"self":[{"href":"https:\/\/www.btaytd.org\/web\/wp-json\/wp\/v2\/posts\/4500"}],"collection":[{"href":"https:\/\/www.btaytd.org\/web\/wp-json\/wp\/v2\/posts"}],"about":[{"href":"https:\/\/www.btaytd.org\/web\/wp-json\/wp\/v2\/types\/post"}],"author":[{"embeddable":true,"href":"https:\/\/www.btaytd.org\/web\/wp-json\/wp\/v2\/users\/8"}],"replies":[{"embeddable":true,"href":"https:\/\/www.btaytd.org\/web\/wp-json\/wp\/v2\/comments?post=4500"}],"version-history":[{"count":1,"href":"https:\/\/www.btaytd.org\/web\/wp-json\/wp\/v2\/posts\/4500\/revisions"}],"predecessor-version":[{"id":4501,"href":"https:\/\/www.btaytd.org\/web\/wp-json\/wp\/v2\/posts\/4500\/revisions\/4501"}],"wp:featuredmedia":[{"embeddable":true,"href":"https:\/\/www.btaytd.org\/web\/wp-json\/wp\/v2\/media\/4459"}],"wp:attachment":[{"href":"https:\/\/www.btaytd.org\/web\/wp-json\/wp\/v2\/media?parent=4500"}],"wp:term":[{"taxonomy":"category","embeddable":true,"href":"https:\/\/www.btaytd.org\/web\/wp-json\/wp\/v2\/categories?post=4500"},{"taxonomy":"post_tag","embeddable":true,"href":"https:\/\/www.btaytd.org\/web\/wp-json\/wp\/v2\/tags?post=4500"}],"curies":[{"name":"wp","href":"https:\/\/api.w.org\/{rel}","templated":true}]}}