{"id":5435,"date":"2022-09-01T13:34:33","date_gmt":"2022-09-01T13:34:33","guid":{"rendered":"https:\/\/www.btaytd.org\/web\/?p=5435"},"modified":"2022-09-01T13:34:38","modified_gmt":"2022-09-01T13:34:38","slug":"iskece-muftu-adaylarindan-btaytd-iskece-kultur-merkezine-ziyaret","status":"publish","type":"post","link":"https:\/\/www.btaytd.org\/web\/tr\/iskece-muftu-adaylarindan-btaytd-iskece-kultur-merkezine-ziyaret\/","title":{"rendered":"\u0130ske\u00e7e M\u00fcft\u00fc Adaylar\u0131ndan Btaytd \u0130ske\u00e7e K\u00fclt\u00fcr Merkezine Ziyaret"},"content":{"rendered":"\n<p>9 Eyl\u00fcl 2022 Cuma g\u00fcn\u00fc yap\u0131lacak olan M\u00fcft\u00fcl\u00fck se\u00e7imlerindeki \u0130ske\u00e7e M\u00fcft\u00fc Adaylar\u0131 Sn. Mustafa TRAMPA ve Sn. Mustafa KAMU Bat\u0131 Trakya Az\u0131nl\u0131\u011f\u0131 Y\u00fcksek Tahsilliler Derne\u011fi \u0130ske\u00e7e K\u00fclt\u00fcr Merkezi&#8217;ni ziyaret ettiler. Bat\u0131 Trakya Az\u0131nl\u0131\u011f\u0131 Y\u00fcksek Tahsilliler Derne\u011fi Ba\u015fkan\u0131 Sn. Dr. H\u00fcseyin BALTACI ve dernek \u00fcyelerinin haz\u0131r bulundu\u011fu ziyarette \u0130ske\u00e7e M\u00fcft\u00fc Vekili Sn. Ahmet HRALO\u011eLU ve m\u00fcft\u00fcl\u00fck \u00e7al\u0131\u015fanlar\u0131 da yer ald\u0131. Bat\u0131 Trakya Az\u0131nl\u0131\u011f\u0131 Y\u00fcksek Tahsilliler Derne\u011fi olarak her iki m\u00fcft\u00fc aday\u0131na ba\u015far\u0131lar diler, ziyaretleri i\u00e7in te\u015fekk\u00fcr ederiz.<\/p>\n\n\n\n<figure class=\"wp-block-gallery columns-3 is-cropped wp-block-gallery-1 is-layout-flex wp-block-gallery-is-layout-flex\"><ul class=\"blocks-gallery-grid\"><li class=\"blocks-gallery-item\"><figure><img loading=\"lazy\" decoding=\"async\" width=\"1024\" height=\"768\" src=\"https:\/\/www.btaytd.org\/web\/wp-content\/uploads\/2022\/09\/58b1abdb-d748-442b-a9b1-66d73259282a.jpg\" alt=\"\" data-id=\"5436\" data-full-url=\"https:\/\/www.btaytd.org\/web\/wp-content\/uploads\/2022\/09\/58b1abdb-d748-442b-a9b1-66d73259282a.jpg\" data-link=\"https:\/\/www.btaytd.org\/web\/?attachment_id=5436\" class=\"wp-image-5436\" srcset=\"https:\/\/www.btaytd.org\/web\/wp-content\/uploads\/2022\/09\/58b1abdb-d748-442b-a9b1-66d73259282a.jpg 1024w, https:\/\/www.btaytd.org\/web\/wp-content\/uploads\/2022\/09\/58b1abdb-d748-442b-a9b1-66d73259282a-300x225.jpg 300w, https:\/\/www.btaytd.org\/web\/wp-content\/uploads\/2022\/09\/58b1abdb-d748-442b-a9b1-66d73259282a-768x576.jpg 768w\" sizes=\"(max-width: 1024px) 100vw, 1024px\" \/><\/figure><\/li><li class=\"blocks-gallery-item\"><figure><img loading=\"lazy\" decoding=\"async\" width=\"1024\" height=\"766\" src=\"https:\/\/www.btaytd.org\/web\/wp-content\/uploads\/2022\/09\/82f41e4d-8cca-4074-bd42-50d34a861f79.jpg\" alt=\"\" data-id=\"5437\" data-full-url=\"https:\/\/www.btaytd.org\/web\/wp-content\/uploads\/2022\/09\/82f41e4d-8cca-4074-bd42-50d34a861f79.jpg\" data-link=\"https:\/\/www.btaytd.org\/web\/?attachment_id=5437\" class=\"wp-image-5437\" srcset=\"https:\/\/www.btaytd.org\/web\/wp-content\/uploads\/2022\/09\/82f41e4d-8cca-4074-bd42-50d34a861f79.jpg 1024w, https:\/\/www.btaytd.org\/web\/wp-content\/uploads\/2022\/09\/82f41e4d-8cca-4074-bd42-50d34a861f79-300x224.jpg 300w, https:\/\/www.btaytd.org\/web\/wp-content\/uploads\/2022\/09\/82f41e4d-8cca-4074-bd42-50d34a861f79-768x575.jpg 768w\" sizes=\"(max-width: 1024px) 100vw, 1024px\" \/><\/figure><\/li><li class=\"blocks-gallery-item\"><figure><img loading=\"lazy\" decoding=\"async\" width=\"1024\" height=\"768\" src=\"https:\/\/www.btaytd.org\/web\/wp-content\/uploads\/2022\/09\/283c949a-4d46-447d-b17a-9089b54925d0.jpg\" alt=\"\" data-id=\"5438\" data-full-url=\"https:\/\/www.btaytd.org\/web\/wp-content\/uploads\/2022\/09\/283c949a-4d46-447d-b17a-9089b54925d0.jpg\" data-link=\"https:\/\/www.btaytd.org\/web\/?attachment_id=5438\" class=\"wp-image-5438\" srcset=\"https:\/\/www.btaytd.org\/web\/wp-content\/uploads\/2022\/09\/283c949a-4d46-447d-b17a-9089b54925d0.jpg 1024w, https:\/\/www.btaytd.org\/web\/wp-content\/uploads\/2022\/09\/283c949a-4d46-447d-b17a-9089b54925d0-300x225.jpg 300w, https:\/\/www.btaytd.org\/web\/wp-content\/uploads\/2022\/09\/283c949a-4d46-447d-b17a-9089b54925d0-768x576.jpg 768w\" sizes=\"(max-width: 1024px) 100vw, 1024px\" \/><\/figure><\/li><li class=\"blocks-gallery-item\"><figure><img loading=\"lazy\" decoding=\"async\" width=\"1024\" height=\"768\" src=\"https:\/\/www.btaytd.org\/web\/wp-content\/uploads\/2022\/09\/10977b08-e42f-45ed-9aef-09bebe51de79.jpg\" alt=\"\" data-id=\"5439\" data-full-url=\"https:\/\/www.btaytd.org\/web\/wp-content\/uploads\/2022\/09\/10977b08-e42f-45ed-9aef-09bebe51de79.jpg\" data-link=\"https:\/\/www.btaytd.org\/web\/?attachment_id=5439\" class=\"wp-image-5439\" srcset=\"https:\/\/www.btaytd.org\/web\/wp-content\/uploads\/2022\/09\/10977b08-e42f-45ed-9aef-09bebe51de79.jpg 1024w, https:\/\/www.btaytd.org\/web\/wp-content\/uploads\/2022\/09\/10977b08-e42f-45ed-9aef-09bebe51de79-300x225.jpg 300w, https:\/\/www.btaytd.org\/web\/wp-content\/uploads\/2022\/09\/10977b08-e42f-45ed-9aef-09bebe51de79-768x576.jpg 768w\" sizes=\"(max-width: 1024px) 100vw, 1024px\" \/><\/figure><\/li><\/ul><\/figure>\n","protected":false},"excerpt":{"rendered":"<p>9 Eyl\u00fcl 2022 Cuma g\u00fcn\u00fc yap\u0131lacak olan M\u00fcft\u00fcl\u00fck se\u00e7imlerindeki \u0130ske\u00e7e M\u00fcft\u00fc Adaylar\u0131 Sn. Mustafa TRAMPA ve Sn. Mustafa KAMU Bat\u0131 Trakya Az\u0131nl\u0131\u011f\u0131 Y\u00fcksek Tahsilliler Derne\u011fi \u0130ske\u00e7e K\u00fclt\u00fcr Merkezi&#8217;ni ziyaret ettiler. Bat\u0131 Trakya Az\u0131nl\u0131\u011f\u0131 Y\u00fcksek Tahsilliler Derne\u011fi Ba\u015fkan\u0131 Sn. Dr. H\u00fcseyin BALTACI ve dernek \u00fcyelerinin haz\u0131r bulundu\u011fu ziyarette \u0130ske\u00e7e M\u00fcft\u00fc Vekili Sn. Ahmet HRALO\u011eLU ve m\u00fcft\u00fcl\u00fck<\/p>\n<div class=\"read-more\"><a href=\"https:\/\/www.btaytd.org\/web\/tr\/iskece-muftu-adaylarindan-btaytd-iskece-kultur-merkezine-ziyaret\/\" title=\"Read More\">Read More<\/a><\/div>\n","protected":false},"author":8,"featured_media":5436,"comment_status":"closed","ping_status":"closed","sticky":false,"template":"","format":"standard","meta":{"footnotes":""},"categories":[94,88],"tags":[],"class_list":{"0":"post-5435","1":"post","2":"type-post","3":"status-publish","4":"format-standard","5":"has-post-thumbnail","7":"category-fotograflar","8":"category-haberler"},"_links":{"self":[{"href":"https:\/\/www.btaytd.org\/web\/wp-json\/wp\/v2\/posts\/5435"}],"collection":[{"href":"https:\/\/www.btaytd.org\/web\/wp-json\/wp\/v2\/posts"}],"about":[{"href":"https:\/\/www.btaytd.org\/web\/wp-json\/wp\/v2\/types\/post"}],"author":[{"embeddable":true,"href":"https:\/\/www.btaytd.org\/web\/wp-json\/wp\/v2\/users\/8"}],"replies":[{"embeddable":true,"href":"https:\/\/www.btaytd.org\/web\/wp-json\/wp\/v2\/comments?post=5435"}],"version-history":[{"count":1,"href":"https:\/\/www.btaytd.org\/web\/wp-json\/wp\/v2\/posts\/5435\/revisions"}],"predecessor-version":[{"id":5441,"href":"https:\/\/www.btaytd.org\/web\/wp-json\/wp\/v2\/posts\/5435\/revisions\/5441"}],"wp:featuredmedia":[{"embeddable":true,"href":"https:\/\/www.btaytd.org\/web\/wp-json\/wp\/v2\/media\/5436"}],"wp:attachment":[{"href":"https:\/\/www.btaytd.org\/web\/wp-json\/wp\/v2\/media?parent=5435"}],"wp:term":[{"taxonomy":"category","embeddable":true,"href":"https:\/\/www.btaytd.org\/web\/wp-json\/wp\/v2\/categories?post=5435"},{"taxonomy":"post_tag","embeddable":true,"href":"https:\/\/www.btaytd.org\/web\/wp-json\/wp\/v2\/tags?post=5435"}],"curies":[{"name":"wp","href":"https:\/\/api.w.org\/{rel}","templated":true}]}}