{"id":5445,"date":"2022-09-03T08:38:41","date_gmt":"2022-09-03T08:38:41","guid":{"rendered":"https:\/\/www.btaytd.org\/web\/?p=5445"},"modified":"2022-09-03T08:38:45","modified_gmt":"2022-09-03T08:38:45","slug":"bakes-ve-btayt-derneginden-yeni-kitap-calismasi","status":"publish","type":"post","link":"https:\/\/www.btaytd.org\/web\/tr\/bakes-ve-btayt-derneginden-yeni-kitap-calismasi\/","title":{"rendered":"BAKE\u015e VE BTAYT DERNE\u011e\u0130NDEN YEN\u0130 K\u0130TAP \u00c7ALI\u015eMASI"},"content":{"rendered":"\n<p>&#8220;G\u00fcm\u00fclcine ve Civar\u0131ndaki Osmanl\u0131-T\u00fcrk Eserleri&#8221; adl\u0131 kitab\u0131m\u0131z Bat\u0131 Trakya Az\u0131nl\u0131\u011f\u0131 K\u00fclt\u00fcr ve E\u011fitim \u015eirketi ile Bat\u0131 Trakya Az\u0131nl\u0131\u011f\u0131 Y\u00fcksek Tahsilliler Derne\u011fi ad\u0131na Dernek \u00fcyemiz say\u0131n \u015e\u00fckriye MEMET taraf\u0131ndan haz\u0131rland\u0131. Eserde ge\u00e7mi\u015ften g\u00fcn\u00fcm\u00fcze yok olmaya y\u00fcz tutmu\u015f tarihi yap\u0131lar yer almaktad\u0131r. G\u00fcnl\u00fck ya\u015fant\u0131m\u0131zda s\u0131kl\u0131kla kar\u015f\u0131la\u015ft\u0131\u011f\u0131m\u0131z bu yap\u0131lar\u0131 tan\u0131mak ve gelece\u011fimize \u0131\u015f\u0131k tutmak ad\u0131na faydal\u0131 bir eser oldu\u011funa inanmaktay\u0131z. Eme\u011fi ge\u00e7en herkese \u00e7ok te\u015fekk\u00fcr ederiz.<\/p>\n","protected":false},"excerpt":{"rendered":"<p>&#8220;G\u00fcm\u00fclcine ve Civar\u0131ndaki Osmanl\u0131-T\u00fcrk Eserleri&#8221; adl\u0131 kitab\u0131m\u0131z Bat\u0131 Trakya Az\u0131nl\u0131\u011f\u0131 K\u00fclt\u00fcr ve E\u011fitim \u015eirketi ile Bat\u0131 Trakya Az\u0131nl\u0131\u011f\u0131 Y\u00fcksek Tahsilliler Derne\u011fi ad\u0131na Dernek \u00fcyemiz say\u0131n \u015e\u00fckriye MEMET taraf\u0131ndan haz\u0131rland\u0131. Eserde ge\u00e7mi\u015ften g\u00fcn\u00fcm\u00fcze yok olmaya y\u00fcz tutmu\u015f tarihi yap\u0131lar yer almaktad\u0131r. G\u00fcnl\u00fck ya\u015fant\u0131m\u0131zda s\u0131kl\u0131kla kar\u015f\u0131la\u015ft\u0131\u011f\u0131m\u0131z bu yap\u0131lar\u0131 tan\u0131mak ve gelece\u011fimize \u0131\u015f\u0131k tutmak ad\u0131na faydal\u0131 bir eser<\/p>\n<div class=\"read-more\"><a href=\"https:\/\/www.btaytd.org\/web\/tr\/bakes-ve-btayt-derneginden-yeni-kitap-calismasi\/\" title=\"Read More\">Read More<\/a><\/div>\n","protected":false},"author":8,"featured_media":5446,"comment_status":"closed","ping_status":"closed","sticky":false,"template":"","format":"standard","meta":{"footnotes":""},"categories":[15,94,88],"tags":[],"class_list":{"0":"post-5445","1":"post","2":"type-post","3":"status-publish","4":"format-standard","5":"has-post-thumbnail","7":"category-duyurular","8":"category-fotograflar","9":"category-haberler"},"_links":{"self":[{"href":"https:\/\/www.btaytd.org\/web\/wp-json\/wp\/v2\/posts\/5445"}],"collection":[{"href":"https:\/\/www.btaytd.org\/web\/wp-json\/wp\/v2\/posts"}],"about":[{"href":"https:\/\/www.btaytd.org\/web\/wp-json\/wp\/v2\/types\/post"}],"author":[{"embeddable":true,"href":"https:\/\/www.btaytd.org\/web\/wp-json\/wp\/v2\/users\/8"}],"replies":[{"embeddable":true,"href":"https:\/\/www.btaytd.org\/web\/wp-json\/wp\/v2\/comments?post=5445"}],"version-history":[{"count":1,"href":"https:\/\/www.btaytd.org\/web\/wp-json\/wp\/v2\/posts\/5445\/revisions"}],"predecessor-version":[{"id":5447,"href":"https:\/\/www.btaytd.org\/web\/wp-json\/wp\/v2\/posts\/5445\/revisions\/5447"}],"wp:featuredmedia":[{"embeddable":true,"href":"https:\/\/www.btaytd.org\/web\/wp-json\/wp\/v2\/media\/5446"}],"wp:attachment":[{"href":"https:\/\/www.btaytd.org\/web\/wp-json\/wp\/v2\/media?parent=5445"}],"wp:term":[{"taxonomy":"category","embeddable":true,"href":"https:\/\/www.btaytd.org\/web\/wp-json\/wp\/v2\/categories?post=5445"},{"taxonomy":"post_tag","embeddable":true,"href":"https:\/\/www.btaytd.org\/web\/wp-json\/wp\/v2\/tags?post=5445"}],"curies":[{"name":"wp","href":"https:\/\/api.w.org\/{rel}","templated":true}]}}