{"id":5954,"date":"2023-02-01T16:04:09","date_gmt":"2023-02-01T16:04:09","guid":{"rendered":"https:\/\/www.btaytd.org\/web\/?p=5954"},"modified":"2023-02-01T16:04:13","modified_gmt":"2023-02-01T16:04:13","slug":"davetiye-duyuru-57","status":"publish","type":"post","link":"https:\/\/www.btaytd.org\/web\/tr\/davetiye-duyuru-57\/","title":{"rendered":"DAVET\u0130YE -DUYURU"},"content":{"rendered":"\n<p>HALK OZANLARIMIZ- A\u015eIK VEYSEL Bat\u0131 Trakya Az\u0131nl\u0131\u011f\u0131 Y\u00fcksek Tahsilliler Derne\u011fi b\u00fcnyesinde faaliyet g\u00f6steren Mesleki Tan\u0131t\u0131m ve Rehberlik Kolu, Ki\u015fisel Geli\u015fim At\u00f6lyeleri \u00c7al\u0131\u015fmalar\u0131 \u00e7er\u00e7evesinde ilkokul \u00f6\u011frencilerine y\u00f6nelik \u00e7evrimi\u00e7i (online) \u201cHalk Ozanlar\u0131m\u0131z\u201d\u201d konulu bir etkinlik ger\u00e7ekle\u015ftirecektir. Etkinli\u011fe t\u00fcm \u00f6\u011frenciler davetlidir. Etkinli\u011fe kat\u0131lmak isteyenler dernekle ileti\u015fime ge\u00e7ebilir. <\/p>\n\n\n\n<p>Tarih: 3 \u015eubat 2023 <\/p>\n\n\n\n<p>Cuma Saat: 19.00<\/p>\n","protected":false},"excerpt":{"rendered":"<p>HALK OZANLARIMIZ- A\u015eIK VEYSEL Bat\u0131 Trakya Az\u0131nl\u0131\u011f\u0131 Y\u00fcksek Tahsilliler Derne\u011fi b\u00fcnyesinde faaliyet g\u00f6steren Mesleki Tan\u0131t\u0131m ve Rehberlik Kolu, Ki\u015fisel Geli\u015fim At\u00f6lyeleri \u00c7al\u0131\u015fmalar\u0131 \u00e7er\u00e7evesinde ilkokul \u00f6\u011frencilerine y\u00f6nelik \u00e7evrimi\u00e7i (online) \u201cHalk Ozanlar\u0131m\u0131z\u201d\u201d konulu bir etkinlik ger\u00e7ekle\u015ftirecektir. Etkinli\u011fe t\u00fcm \u00f6\u011frenciler davetlidir. Etkinli\u011fe kat\u0131lmak isteyenler dernekle ileti\u015fime ge\u00e7ebilir. Tarih: 3 \u015eubat 2023 Cuma Saat: 19.00<\/p>\n","protected":false},"author":8,"featured_media":5957,"comment_status":"closed","ping_status":"closed","sticky":false,"template":"","format":"standard","meta":{"footnotes":""},"categories":[15,90,94,62],"tags":[],"class_list":{"0":"post-5954","1":"post","2":"type-post","3":"status-publish","4":"format-standard","5":"has-post-thumbnail","7":"category-duyurular","8":"category-etkinlikler","9":"category-fotograflar","10":"category-mesleki-rehberlik"},"_links":{"self":[{"href":"https:\/\/www.btaytd.org\/web\/wp-json\/wp\/v2\/posts\/5954"}],"collection":[{"href":"https:\/\/www.btaytd.org\/web\/wp-json\/wp\/v2\/posts"}],"about":[{"href":"https:\/\/www.btaytd.org\/web\/wp-json\/wp\/v2\/types\/post"}],"author":[{"embeddable":true,"href":"https:\/\/www.btaytd.org\/web\/wp-json\/wp\/v2\/users\/8"}],"replies":[{"embeddable":true,"href":"https:\/\/www.btaytd.org\/web\/wp-json\/wp\/v2\/comments?post=5954"}],"version-history":[{"count":1,"href":"https:\/\/www.btaytd.org\/web\/wp-json\/wp\/v2\/posts\/5954\/revisions"}],"predecessor-version":[{"id":5956,"href":"https:\/\/www.btaytd.org\/web\/wp-json\/wp\/v2\/posts\/5954\/revisions\/5956"}],"wp:featuredmedia":[{"embeddable":true,"href":"https:\/\/www.btaytd.org\/web\/wp-json\/wp\/v2\/media\/5957"}],"wp:attachment":[{"href":"https:\/\/www.btaytd.org\/web\/wp-json\/wp\/v2\/media?parent=5954"}],"wp:term":[{"taxonomy":"category","embeddable":true,"href":"https:\/\/www.btaytd.org\/web\/wp-json\/wp\/v2\/categories?post=5954"},{"taxonomy":"post_tag","embeddable":true,"href":"https:\/\/www.btaytd.org\/web\/wp-json\/wp\/v2\/tags?post=5954"}],"curies":[{"name":"wp","href":"https:\/\/api.w.org\/{rel}","templated":true}]}}