{"id":6993,"date":"2023-09-29T17:41:45","date_gmt":"2023-09-29T17:41:45","guid":{"rendered":"https:\/\/www.btaytd.org\/web\/?p=6993"},"modified":"2023-09-29T17:41:51","modified_gmt":"2023-09-29T17:41:51","slug":"ogrencilerle-planlama-toplantisi-gerceklestirildi","status":"publish","type":"post","link":"https:\/\/www.btaytd.org\/web\/tr\/ogrencilerle-planlama-toplantisi-gerceklestirildi\/","title":{"rendered":"\u00d6\u011eRENC\u0130LERLE PLANLAMA TOPLANTISI GER\u00c7EKLE\u015eT\u0130R\u0130LD\u0130"},"content":{"rendered":"\n<p>Bat\u0131 Trakya Az\u0131nl\u0131\u011f\u0131 Y\u00fcksek Tahsilliler Derne\u011fi b\u00fcnyesinde faaliyet g\u00f6steren Mesleki Tan\u0131t\u0131m ve Rehberlik Kolu, yeni e\u011fitim d\u00f6nemine lise \u00f6\u011frencilerinin s\u0131n\u0131f ba\u015fkanlar\u0131 ile tan\u0131\u015fma toplant\u0131s\u0131 ger\u00e7ekle\u015ftirerek ba\u015flad\u0131. Toplant\u0131da \u00f6\u011frencilere kolun faaliyetleri hakk\u0131nda bilgi verildi ve di\u011fer \u00f6\u011frencilerin de kat\u0131laca\u011f\u0131 yeni bir toplant\u0131 d\u00fczenlenmesi kararla\u015ft\u0131r\u0131ld\u0131.<\/p>\n\n\n\n<p>Yeni \u00f6\u011frencilerin kat\u0131l\u0131m\u0131yla tekrar 29 Eyl\u00fcl tarihinde yap\u0131lan planlama toplant\u0131s\u0131na kolumuzun faaliyetleri ve ama\u00e7lar\u0131ndan bahsederek ba\u015fland\u0131. Sonras\u0131nda yeni e\u011fitim d\u00f6nemi i\u00e7erisinde yap\u0131lmas\u0131 planlanan faaliyetler hakk\u0131nda bilgi verildi ve \u00f6\u011frencilerin g\u00f6r\u00fc\u015fleri al\u0131nd\u0131. Ayr\u0131ca Rehberlik \u0130htiya\u00e7lar\u0131 Formu da\u011f\u0131t\u0131larak, \u00f6\u011frencilerin ihtiya\u00e7lar\u0131 aras\u0131ndaki \u00f6nceliklerinin belirlenmesi hedeflendi.<\/p>\n\n\n\n<figure class=\"wp-block-gallery columns-1 is-cropped wp-block-gallery-1 is-layout-flex wp-block-gallery-is-layout-flex\"><ul class=\"blocks-gallery-grid\"><li class=\"blocks-gallery-item\"><figure><img loading=\"lazy\" decoding=\"async\" width=\"1024\" height=\"554\" src=\"https:\/\/www.btaytd.org\/web\/wp-content\/uploads\/2023\/09\/2-1-1024x554.jpg\" alt=\"\" data-id=\"6995\" data-full-url=\"https:\/\/www.btaytd.org\/web\/wp-content\/uploads\/2023\/09\/2-1.jpg\" data-link=\"https:\/\/www.btaytd.org\/web\/?attachment_id=6995\" class=\"wp-image-6995\" srcset=\"https:\/\/www.btaytd.org\/web\/wp-content\/uploads\/2023\/09\/2-1-1024x554.jpg 1024w, https:\/\/www.btaytd.org\/web\/wp-content\/uploads\/2023\/09\/2-1-300x162.jpg 300w, https:\/\/www.btaytd.org\/web\/wp-content\/uploads\/2023\/09\/2-1-768x415.jpg 768w, https:\/\/www.btaytd.org\/web\/wp-content\/uploads\/2023\/09\/2-1-85x45.jpg 85w, https:\/\/www.btaytd.org\/web\/wp-content\/uploads\/2023\/09\/2-1.jpg 1204w\" sizes=\"(max-width: 1024px) 100vw, 1024px\" \/><\/figure><\/li><\/ul><\/figure>\n","protected":false},"excerpt":{"rendered":"<p>Bat\u0131 Trakya Az\u0131nl\u0131\u011f\u0131 Y\u00fcksek Tahsilliler Derne\u011fi b\u00fcnyesinde faaliyet g\u00f6steren Mesleki Tan\u0131t\u0131m ve Rehberlik Kolu, yeni e\u011fitim d\u00f6nemine lise \u00f6\u011frencilerinin s\u0131n\u0131f ba\u015fkanlar\u0131 ile tan\u0131\u015fma toplant\u0131s\u0131 ger\u00e7ekle\u015ftirerek ba\u015flad\u0131. Toplant\u0131da \u00f6\u011frencilere kolun faaliyetleri hakk\u0131nda bilgi verildi ve di\u011fer \u00f6\u011frencilerin de kat\u0131laca\u011f\u0131 yeni bir toplant\u0131 d\u00fczenlenmesi kararla\u015ft\u0131r\u0131ld\u0131. Yeni \u00f6\u011frencilerin kat\u0131l\u0131m\u0131yla tekrar 29 Eyl\u00fcl tarihinde yap\u0131lan planlama toplant\u0131s\u0131na kolumuzun faaliyetleri<\/p>\n<div class=\"read-more\"><a href=\"https:\/\/www.btaytd.org\/web\/tr\/ogrencilerle-planlama-toplantisi-gerceklestirildi\/\" title=\"Read More\">Read More<\/a><\/div>\n","protected":false},"author":8,"featured_media":6994,"comment_status":"closed","ping_status":"closed","sticky":false,"template":"","format":"standard","meta":{"footnotes":""},"categories":[44,94,88,62],"tags":[],"class_list":{"0":"post-6993","1":"post","2":"type-post","3":"status-publish","4":"format-standard","5":"has-post-thumbnail","7":"category-alt-kurullar","8":"category-fotograflar","9":"category-haberler","10":"category-mesleki-rehberlik"},"_links":{"self":[{"href":"https:\/\/www.btaytd.org\/web\/wp-json\/wp\/v2\/posts\/6993"}],"collection":[{"href":"https:\/\/www.btaytd.org\/web\/wp-json\/wp\/v2\/posts"}],"about":[{"href":"https:\/\/www.btaytd.org\/web\/wp-json\/wp\/v2\/types\/post"}],"author":[{"embeddable":true,"href":"https:\/\/www.btaytd.org\/web\/wp-json\/wp\/v2\/users\/8"}],"replies":[{"embeddable":true,"href":"https:\/\/www.btaytd.org\/web\/wp-json\/wp\/v2\/comments?post=6993"}],"version-history":[{"count":1,"href":"https:\/\/www.btaytd.org\/web\/wp-json\/wp\/v2\/posts\/6993\/revisions"}],"predecessor-version":[{"id":6996,"href":"https:\/\/www.btaytd.org\/web\/wp-json\/wp\/v2\/posts\/6993\/revisions\/6996"}],"wp:featuredmedia":[{"embeddable":true,"href":"https:\/\/www.btaytd.org\/web\/wp-json\/wp\/v2\/media\/6994"}],"wp:attachment":[{"href":"https:\/\/www.btaytd.org\/web\/wp-json\/wp\/v2\/media?parent=6993"}],"wp:term":[{"taxonomy":"category","embeddable":true,"href":"https:\/\/www.btaytd.org\/web\/wp-json\/wp\/v2\/categories?post=6993"},{"taxonomy":"post_tag","embeddable":true,"href":"https:\/\/www.btaytd.org\/web\/wp-json\/wp\/v2\/tags?post=6993"}],"curies":[{"name":"wp","href":"https:\/\/api.w.org\/{rel}","templated":true}]}}