{"id":7032,"date":"2023-10-06T15:50:59","date_gmt":"2023-10-06T15:50:59","guid":{"rendered":"https:\/\/www.btaytd.org\/web\/?p=7032"},"modified":"2023-10-06T15:51:07","modified_gmt":"2023-10-06T15:51:07","slug":"bati-trakya-turk-azinliginin-sorunlari-2023-agit-insani-boyut-konfernasinda-dile-getirildi","status":"publish","type":"post","link":"https:\/\/www.btaytd.org\/web\/tr\/bati-trakya-turk-azinliginin-sorunlari-2023-agit-insani-boyut-konfernasinda-dile-getirildi\/","title":{"rendered":"BATI TRAKYA T\u00dcRK AZINLI\u011eININ SORUNLARI 2023 AG\u0130T \u0130NSAN\u0130 BOYUT KONFERNASINDA D\u0130LE GET\u0130R\u0130LD\u0130"},"content":{"rendered":"\n<p>Bat\u0131 Trakya T\u00fcrk Az\u0131nl\u0131\u011f\u0131n\u0131n sorunlar\u0131 2023 AG\u0130T \u0130nsani Boyut Konferans\u0131nda dile getirildi.Polonya\u2019n\u0131n ba\u015fkenti Var\u015fova\u2019da 2-13 Ekim tarihleri aras\u0131nda ger\u00e7ekle\u015ftirilen konferansa Bat\u0131 Trakya Az\u0131nl\u0131\u011f\u0131 Y\u00fcksek Tahsilliler Derne\u011fi (BTAYTD) ve Avrupa Bat\u0131 Trakya T\u00fcrkleri Federasyonu (ABTTF) kat\u0131ld\u0131. Konferansta BTAYTD\u2019ni \u0130nsan Haklar\u0131 Uzman\u0131 Kerem<br>Abdurahimo\u011flu, ABTTF\u2019nu ise Uluslararas\u0131 \u0130li\u015fkiler Direkt\u00f6r\u00fc Melek K\u0131rmac\u0131 temsil etti. 3 Ekim Sal\u0131 g\u00fcn\u00fc ba\u015flayan konferans\u0131n \u201cDemokratik Kurumlar\u201d ba\u015fl\u0131kl\u0131 ilk oturumunda s\u00f6z alan BTAYTD, Yunanistan\u2019da siyasi partilere uygulanan %3\u2019l\u00fck se\u00e7im baraj\u0131n\u0131n ba\u011f\u0131ms\u0131z milletvekili<br>adaylar\u0131na da uyguland\u0131\u011f\u0131n\u0131, bunun az\u0131nl\u0131\u011f\u0131n ba\u011f\u0131ms\u0131z milletvekili se\u00e7mesini engellemek i\u00e7in yap\u0131ld\u0131\u011f\u0131n\u0131 ve bu ger\u00e7e\u011fin Yunan siyasileri taraf\u0131ndan itiraf edildi\u011fini ifade etti. Yine 2023 May\u0131s-Haziran se\u00e7imlerinde demokratik tercihi nedeniyle T\u00fcrk az\u0131nl\u0131\u011f\u0131n tehditlere maruz kald\u0131\u011f\u0131n\u0131 belirterek bu t\u00fcr uygulamalar\u0131n demokrasiyle ba\u011fda\u015fmad\u0131\u011f\u0131n\u0131 dile getirdi.Konferans\u0131n 4 Ekim \u00c7ar\u015famba g\u00fcn\u00fc ger\u00e7ekle\u015ftirilen \u201cTemel Haklar I\u201d ba\u015fl\u0131kl\u0131 ikinci oturumunda tekrar s\u00f6z alan BTAYTD, T\u00fcrk az\u0131nl\u0131\u011f\u0131n gen\u00e7 neslinin Bat\u0131 Trakya\u2019da bir\u00e7ok insan ve az\u0131nl\u0131k hakk\u0131 ihlalini miras ald\u0131\u011f\u0131n\u0131, 2023 y\u0131l\u0131nda \u0130ske\u00e7e Az\u0131nl\u0131k Ortaokulu ve Lisesinde hala yakla\u015f\u0131k 600 \u00f6\u011frencinin eski bir t\u00fct\u00fcn deposunda ders g\u00f6rmek zorunda b\u0131rak\u0131ld\u0131\u011f\u0131n\u0131, T\u00fcrk\u00e7e-Yunanca iki dilli az\u0131nl\u0131k anaokullar\u0131na izin verilmedi\u011fini, her y\u0131l bir\u00e7ok az\u0131nl\u0131k ilkokulunun Yunanistan y\u00f6netimi taraf\u0131ndan kapat\u0131ld\u0131\u011f\u0131n\u0131, az\u0131nl\u0131\u011f\u0131n T\u00fcrk etnik kimli\u011fini kollektif bir \u015fekilde ifade edemedi\u011fini s\u00f6yledi. Gen\u00e7 neslin sorunlar\u0131 diyalog ve kar\u015f\u0131l\u0131kl\u0131 anlay\u0131\u015f yoluyla \u00e7\u00f6zme konusunda<br>karal\u0131 oldu\u011funu ifade ederek bu problemler insan haklar\u0131 savunucular\u0131 ve T\u00fcrk az\u0131nl\u0131k temsilcileri taraf\u0131ndan dile getirildi\u011finde Yunanistan y\u00f6netimi taraf\u0131ndan cezai ve finansal soru\u015fturmalara, yerel ve anaak\u0131m Yunan medyas\u0131 taraf\u0131ndan da \u015feytanla\u015ft\u0131rma ve hedef g\u00f6sterilmeye maruz<br>b\u0131rak\u0131ld\u0131\u011f\u0131n\u0131 ifade etti. T\u00fcrk az\u0131nl\u0131\u011f\u0131n \u00fclkeye kar\u015f\u0131 vergisini \u00f6deyen ve t\u00fcm sorumluluklar\u0131n\u0131 yerine getiren Yunanistan vatanda\u015flar\u0131 oldu\u011funu ve az\u0131nl\u0131\u011f\u0131n tek talebinin uluslararas\u0131 antla\u015fmalar ve Yunanistan Anayasas\u0131 taraf\u0131ndan garanti edilmi\u015f haklar\u0131 oldu\u011funu hat\u0131rlatt\u0131. 5 Ekim Per\u015fembe g\u00fcn\u00fc ger\u00e7ekle\u015ftirilen konferans\u0131n \u201cHo\u015fg\u00f6r\u00fc ve Ayr\u0131mc\u0131l\u0131\u011f\u0131n-\u00d6nlenmesi\u201d<br>ba\u015fl\u0131kl\u0131 \u00fc\u00e7\u00fcnc\u00fc oturumunda BTAYTD tekrar s\u00f6z ald\u0131. Bat\u0131 Trakya T\u00fcrk az\u0131nl\u0131\u011f\u0131n\u0131n y\u0131llarca segregasyon politikalar\u0131na maruz kald\u0131\u011f\u0131n\u0131, mal-m\u00fclk edinmesinin, ekonomik faaliyette bulunmas\u0131n\u0131n, ehliyet almas\u0131n\u0131n bile m\u00fcmk\u00fcn olmad\u0131\u011f\u0131 d\u00f6nemler ge\u00e7irdi\u011fini hat\u0131rlatarak bu k\u0131s\u0131tlamalar\u0131n 90\u2019l\u0131 y\u0131llarda geriye d\u00f6n\u00fck bir d\u00fczenleme yap\u0131lmadan kald\u0131r\u0131ld\u0131\u011f\u0131n\u0131 s\u00f6yledi. Y\u0131llar s\u00fcren az\u0131nl\u0131\u011f\u0131n sosyoekonomik izolasyonunun belirli yasal ve ekonomik sonu\u00e7lar do\u011furdu\u011funu bunun T\u00fcrk az\u0131nl\u0131\u011f\u0131n bug\u00fcn dahi bir\u00e7ok AB Fonundan yararlanmas\u0131na engel oldu\u011funu ifade etti. Bat\u0131 Trakya k\u00f6ylerinde yap\u0131lacak basit bir gezintiyle bug\u00fcn bile T\u00fcrk ve Yunan yerle\u015fim<br>yerlerinin aras\u0131ndaki keskin altyap\u0131 ve geli\u015fmi\u015flik ayr\u0131m\u0131n\u0131n g\u00f6zlemlenebilece\u011fini s\u00f6yledi. Yine Yunanistan\u2019\u0131n az\u0131nl\u0131\u011f\u0131n itiraz\u0131na ra\u011fmen M\u00fcft\u00fc atamalar\u0131 yapt\u0131\u011f\u0131, 1913 Atina ve 1923 Lozan Antla\u015fmalar\u0131 uyar\u0131nca M\u00fcft\u00fc se\u00e7imlerine izin vermedi\u011fi, az\u0131nl\u0131\u011f\u0131n kabul etti\u011fi dini liderlerinin<br>\u201cpseutomuftis\u201d olarak adland\u0131r\u0131ld\u0131\u011f\u0131 bir yerde ho\u015fg\u00f6r\u00fcn\u00fcn varl\u0131\u011f\u0131ndan bahsetmenin anlaml\u0131 olmad\u0131\u011f\u0131n\u0131 ifade etti. Yunan televizyonlar\u0131nda dillendirilen \u201c\u00c7ok \u015f\u00fck\u00fcr Dadia orman\u0131nda 22 s\u0131\u011f\u0131nmac\u0131 d\u0131\u015f\u0131nda can kayb\u0131 yok\u201d s\u00f6zlerindeki \u201cd\u0131\u015f\u0131nda\u201d kelimesinin asl\u0131nda Yunanistan\u2019daki<br>\u201cyarat\u0131lm\u0131\u015f \u00f6teki\u201d anlay\u0131\u015f\u0131n\u0131n bir yans\u0131mas\u0131 oldu\u011funu vurgulad\u0131. 6 Ekim Cuma g\u00fcn\u00fc ger\u00e7ekle\u015ftirilen \u201cTemel Haklar II\u201d ba\u015fl\u0131kl\u0131 d\u00f6rd\u00fcnc\u00fc oturumda tekrar s\u00f6z alan BTAYTD, 1923 Lozan Bar\u0131\u015f Antla\u015fmas\u0131n\u0131n T\u00fcrk az\u0131nl\u0131\u011fa e\u015fit vatanda\u015fl\u0131k ve az\u0131nl\u0131k haklar\u0131 tan\u0131d\u0131\u011f\u0131n\u0131, yine Yunanistan Anayasas\u0131n\u0131n vatanda\u015flar\u0131na dernekle\u015fme ve toplanma \u00f6zg\u00fcrl\u00fc\u011f\u00fcn\u00fc garanti etti\u011fini hat\u0131rlatt\u0131. Bu ger\u00e7ekler \u0131\u015f\u0131\u011f\u0131nda Yunanistan\u2019\u0131n T\u00fcrk dernekleri hakk\u0131nda verilen A\u0130HM kararlar\u0131n\u0131 uygulamad\u0131\u011f\u0131n\u0131, bir spor ve taraftar derne\u011fi olan Fenerbah\u00e7e Taraftarlar\u0131 derne\u011fine ismindeki \u201cBat\u0131 Trakya\u201d tan\u0131mlamas\u0131n\u0131n ve dernek \u00fcyelerinin \u201cotonomist\/ayr\u0131l\u0131k\u00e7\u0131\u201d olduklar\u0131 su\u00e7lamalar\u0131yla kapatma davas\u0131 a\u00e7\u0131ld\u0131\u011f\u0131n\u0131 s\u00f6yledi.<\/p>\n\n\n\n<figure class=\"wp-block-gallery columns-3 is-cropped wp-block-gallery-1 is-layout-flex wp-block-gallery-is-layout-flex\"><ul class=\"blocks-gallery-grid\"><li class=\"blocks-gallery-item\"><figure><img loading=\"lazy\" decoding=\"async\" width=\"1024\" height=\"576\" src=\"https:\/\/www.btaytd.org\/web\/wp-content\/uploads\/2023\/10\/Warsaw-Human-Dimension-Conference_2023_Plennary-Session-1-1-1-1024x576.png\" alt=\"\" data-id=\"7036\" data-full-url=\"https:\/\/www.btaytd.org\/web\/wp-content\/uploads\/2023\/10\/Warsaw-Human-Dimension-Conference_2023_Plennary-Session-1-1-1.png\" data-link=\"https:\/\/www.btaytd.org\/web\/?attachment_id=7036\" class=\"wp-image-7036\" srcset=\"https:\/\/www.btaytd.org\/web\/wp-content\/uploads\/2023\/10\/Warsaw-Human-Dimension-Conference_2023_Plennary-Session-1-1-1-1024x576.png 1024w, https:\/\/www.btaytd.org\/web\/wp-content\/uploads\/2023\/10\/Warsaw-Human-Dimension-Conference_2023_Plennary-Session-1-1-1-300x169.png 300w, https:\/\/www.btaytd.org\/web\/wp-content\/uploads\/2023\/10\/Warsaw-Human-Dimension-Conference_2023_Plennary-Session-1-1-1-768x432.png 768w, https:\/\/www.btaytd.org\/web\/wp-content\/uploads\/2023\/10\/Warsaw-Human-Dimension-Conference_2023_Plennary-Session-1-1-1-1536x864.png 1536w, https:\/\/www.btaytd.org\/web\/wp-content\/uploads\/2023\/10\/Warsaw-Human-Dimension-Conference_2023_Plennary-Session-1-1-1.png 1920w\" sizes=\"(max-width: 1024px) 100vw, 1024px\" \/><\/figure><\/li><li class=\"blocks-gallery-item\"><figure><img loading=\"lazy\" decoding=\"async\" width=\"768\" height=\"1024\" src=\"https:\/\/www.btaytd.org\/web\/wp-content\/uploads\/2023\/10\/IMG-20231006-WA0003-1.jpg\" alt=\"\" data-id=\"7037\" data-full-url=\"https:\/\/www.btaytd.org\/web\/wp-content\/uploads\/2023\/10\/IMG-20231006-WA0003-1.jpg\" data-link=\"https:\/\/www.btaytd.org\/web\/?attachment_id=7037\" class=\"wp-image-7037\" srcset=\"https:\/\/www.btaytd.org\/web\/wp-content\/uploads\/2023\/10\/IMG-20231006-WA0003-1.jpg 768w, https:\/\/www.btaytd.org\/web\/wp-content\/uploads\/2023\/10\/IMG-20231006-WA0003-1-225x300.jpg 225w\" sizes=\"(max-width: 768px) 100vw, 768px\" \/><\/figure><\/li><li class=\"blocks-gallery-item\"><figure><img loading=\"lazy\" decoding=\"async\" width=\"768\" height=\"1024\" src=\"https:\/\/www.btaytd.org\/web\/wp-content\/uploads\/2023\/10\/IMG_2788-1-768x1024.jpg\" alt=\"\" data-id=\"7038\" data-full-url=\"https:\/\/www.btaytd.org\/web\/wp-content\/uploads\/2023\/10\/IMG_2788-1-scaled.jpg\" data-link=\"https:\/\/www.btaytd.org\/web\/?attachment_id=7038\" class=\"wp-image-7038\" srcset=\"https:\/\/www.btaytd.org\/web\/wp-content\/uploads\/2023\/10\/IMG_2788-1-768x1024.jpg 768w, https:\/\/www.btaytd.org\/web\/wp-content\/uploads\/2023\/10\/IMG_2788-1-225x300.jpg 225w, https:\/\/www.btaytd.org\/web\/wp-content\/uploads\/2023\/10\/IMG_2788-1-1152x1536.jpg 1152w, https:\/\/www.btaytd.org\/web\/wp-content\/uploads\/2023\/10\/IMG_2788-1-1536x2048.jpg 1536w, https:\/\/www.btaytd.org\/web\/wp-content\/uploads\/2023\/10\/IMG_2788-1-scaled.jpg 1920w\" sizes=\"(max-width: 768px) 100vw, 768px\" \/><\/figure><\/li><li class=\"blocks-gallery-item\"><figure><img loading=\"lazy\" decoding=\"async\" width=\"1024\" height=\"584\" src=\"https:\/\/www.btaytd.org\/web\/wp-content\/uploads\/2023\/10\/AGIT_HUMAN_DIMENSION_CONFERENCE_2023_FOTOGRAF_KAYNAK_AGIT_WEBSITESI-1024x584.png\" alt=\"\" data-id=\"7039\" data-full-url=\"https:\/\/www.btaytd.org\/web\/wp-content\/uploads\/2023\/10\/AGIT_HUMAN_DIMENSION_CONFERENCE_2023_FOTOGRAF_KAYNAK_AGIT_WEBSITESI.png\" data-link=\"https:\/\/www.btaytd.org\/web\/?attachment_id=7039\" class=\"wp-image-7039\" srcset=\"https:\/\/www.btaytd.org\/web\/wp-content\/uploads\/2023\/10\/AGIT_HUMAN_DIMENSION_CONFERENCE_2023_FOTOGRAF_KAYNAK_AGIT_WEBSITESI-1024x584.png 1024w, https:\/\/www.btaytd.org\/web\/wp-content\/uploads\/2023\/10\/AGIT_HUMAN_DIMENSION_CONFERENCE_2023_FOTOGRAF_KAYNAK_AGIT_WEBSITESI-300x171.png 300w, https:\/\/www.btaytd.org\/web\/wp-content\/uploads\/2023\/10\/AGIT_HUMAN_DIMENSION_CONFERENCE_2023_FOTOGRAF_KAYNAK_AGIT_WEBSITESI-768x438.png 768w, https:\/\/www.btaytd.org\/web\/wp-content\/uploads\/2023\/10\/AGIT_HUMAN_DIMENSION_CONFERENCE_2023_FOTOGRAF_KAYNAK_AGIT_WEBSITESI.png 1518w\" sizes=\"(max-width: 1024px) 100vw, 1024px\" \/><\/figure><\/li><\/ul><\/figure>\n","protected":false},"excerpt":{"rendered":"<p>Bat\u0131 Trakya T\u00fcrk Az\u0131nl\u0131\u011f\u0131n\u0131n sorunlar\u0131 2023 AG\u0130T \u0130nsani Boyut Konferans\u0131nda dile getirildi.Polonya\u2019n\u0131n ba\u015fkenti Var\u015fova\u2019da 2-13 Ekim tarihleri aras\u0131nda ger\u00e7ekle\u015ftirilen konferansa Bat\u0131 Trakya Az\u0131nl\u0131\u011f\u0131 Y\u00fcksek Tahsilliler Derne\u011fi (BTAYTD) ve Avrupa Bat\u0131 Trakya T\u00fcrkleri Federasyonu (ABTTF) kat\u0131ld\u0131. Konferansta BTAYTD\u2019ni \u0130nsan Haklar\u0131 Uzman\u0131 KeremAbdurahimo\u011flu, ABTTF\u2019nu ise Uluslararas\u0131 \u0130li\u015fkiler Direkt\u00f6r\u00fc Melek K\u0131rmac\u0131 temsil etti. 3 Ekim Sal\u0131 g\u00fcn\u00fc ba\u015flayan<\/p>\n<div class=\"read-more\"><a href=\"https:\/\/www.btaytd.org\/web\/tr\/bati-trakya-turk-azinliginin-sorunlari-2023-agit-insani-boyut-konfernasinda-dile-getirildi\/\" title=\"Read More\">Read More<\/a><\/div>\n","protected":false},"author":8,"featured_media":7035,"comment_status":"closed","ping_status":"closed","sticky":false,"template":"","format":"standard","meta":{"footnotes":""},"categories":[94,88],"tags":[],"class_list":{"0":"post-7032","1":"post","2":"type-post","3":"status-publish","4":"format-standard","5":"has-post-thumbnail","7":"category-fotograflar","8":"category-haberler"},"_links":{"self":[{"href":"https:\/\/www.btaytd.org\/web\/wp-json\/wp\/v2\/posts\/7032"}],"collection":[{"href":"https:\/\/www.btaytd.org\/web\/wp-json\/wp\/v2\/posts"}],"about":[{"href":"https:\/\/www.btaytd.org\/web\/wp-json\/wp\/v2\/types\/post"}],"author":[{"embeddable":true,"href":"https:\/\/www.btaytd.org\/web\/wp-json\/wp\/v2\/users\/8"}],"replies":[{"embeddable":true,"href":"https:\/\/www.btaytd.org\/web\/wp-json\/wp\/v2\/comments?post=7032"}],"version-history":[{"count":1,"href":"https:\/\/www.btaytd.org\/web\/wp-json\/wp\/v2\/posts\/7032\/revisions"}],"predecessor-version":[{"id":7040,"href":"https:\/\/www.btaytd.org\/web\/wp-json\/wp\/v2\/posts\/7032\/revisions\/7040"}],"wp:featuredmedia":[{"embeddable":true,"href":"https:\/\/www.btaytd.org\/web\/wp-json\/wp\/v2\/media\/7035"}],"wp:attachment":[{"href":"https:\/\/www.btaytd.org\/web\/wp-json\/wp\/v2\/media?parent=7032"}],"wp:term":[{"taxonomy":"category","embeddable":true,"href":"https:\/\/www.btaytd.org\/web\/wp-json\/wp\/v2\/categories?post=7032"},{"taxonomy":"post_tag","embeddable":true,"href":"https:\/\/www.btaytd.org\/web\/wp-json\/wp\/v2\/tags?post=7032"}],"curies":[{"name":"wp","href":"https:\/\/api.w.org\/{rel}","templated":true}]}}