{"id":7623,"date":"2024-02-23T13:22:59","date_gmt":"2024-02-23T13:22:59","guid":{"rendered":"https:\/\/www.btaytd.org\/web\/?p=7623"},"modified":"2024-02-23T13:23:08","modified_gmt":"2024-02-23T13:23:08","slug":"kisisel-gelisim-atolyesi-calismalarinin-besinci-oturumunda-sosyal-medya-ve-imaj-algisi-konusu-islendi","status":"publish","type":"post","link":"https:\/\/www.btaytd.org\/web\/tr\/kisisel-gelisim-atolyesi-calismalarinin-besinci-oturumunda-sosyal-medya-ve-imaj-algisi-konusu-islendi\/","title":{"rendered":"K\u0130\u015e\u0130SEL GEL\u0130\u015e\u0130M AT\u00d6LYES\u0130 \u00c7ALI\u015eMALARININ BE\u015e\u0130NC\u0130 OTURUMUNDA \u201cSOSYAL MEDYA VE \u0130MAJ ALGISI\u201d KONUSU \u0130\u015eLEND\u0130."},"content":{"rendered":"\n<p>Bat\u0131 Trakya Az\u0131nl\u0131\u011f\u0131 Y\u00fcksek Tahsilliler Derne\u011fi b\u00fcnyesinde faaliyetg\u00f6steren Mesleki Tan\u0131t\u0131m ve Rehberlik Kolu, 23 \u015eubat 2024 tarihinde\u00f6\u011frencilere y\u00f6nelik Ki\u015fisel Geli\u015fim At\u00f6lyeleri \u00e7er\u00e7evesinde \u201cSosyal Medya ve \u0130maj Alg\u0131s\u0131\u201d ba\u015fl\u0131kl\u0131 bir sunum ger\u00e7ekle\u015ftirdi.Fatma-Bet\u00fcl Aydo\u011fmu\u015f, H\u00fcmeyra Ka\u015fayka ve Meryem Deli Memet isimli lise son s\u0131n\u0131f \u00f6\u011frencilerinin birlikte haz\u0131rlam\u0131\u015f oldu\u011fu sunumda, sosyal medyan\u0131n imajlar \u00fczerinden gen\u00e7leri ve toplumu nas\u0131l etkiledi\u011fi konusu irdelendi. Sunuma imaj yaratmaolgusunun tarihsel olarak nas\u0131l do\u011fdu\u011fu anlat\u0131larak ba\u015fland\u0131. Sonras\u0131nda imge ve imaj kelimelerinin tan\u0131m\u0131 yap\u0131ld\u0131. \u0130nsanlar\u0131n kabul g\u00f6rmek amac\u0131yla kendilerine imaj yaratt\u0131klar\u0131n\u0131 belirten \u00f6\u011frenciler, bu nedenle gen\u00e7lerin sosyal medyadaki \u00fcnl\u00fclere\u00f6zenebilece\u011fini aktard\u0131. Konunun daha iyi anla\u015f\u0131lmas\u0131 i\u00e7in \u00f6rnekler veren konu\u015fmac\u0131 \u00f6\u011frenciler, ayn\u0131 zamanda imaj yaratma \u00e7abas\u0131yla insan\u0131n ruh sa\u011fl\u0131\u011f\u0131n\u0131n nas\u0131l bozuldu\u011funu anlatan k\u0131sa bir film izletti. Kat\u0131l\u0131mc\u0131 \u00f6\u011frencilerin de fikirlerini belirterek aktif kat\u0131l\u0131m sa\u011flad\u0131\u011f\u0131 toplant\u0131, sonu\u00e7 \u00fczerinde yap\u0131lan yorumlarla son buldu.<\/p>\n\n\n\n<figure class=\"wp-block-gallery columns-3 is-cropped wp-block-gallery-1 is-layout-flex wp-block-gallery-is-layout-flex\"><ul class=\"blocks-gallery-grid\"><li class=\"blocks-gallery-item\"><figure><img loading=\"lazy\" decoding=\"async\" width=\"1024\" height=\"576\" src=\"https:\/\/www.btaytd.org\/web\/wp-content\/uploads\/2024\/02\/1-2-1024x576.jpg\" alt=\"\" data-id=\"7624\" data-full-url=\"https:\/\/www.btaytd.org\/web\/wp-content\/uploads\/2024\/02\/1-2-scaled.jpg\" data-link=\"https:\/\/www.btaytd.org\/web\/?attachment_id=7624\" class=\"wp-image-7624\" srcset=\"https:\/\/www.btaytd.org\/web\/wp-content\/uploads\/2024\/02\/1-2-1024x576.jpg 1024w, https:\/\/www.btaytd.org\/web\/wp-content\/uploads\/2024\/02\/1-2-300x169.jpg 300w, https:\/\/www.btaytd.org\/web\/wp-content\/uploads\/2024\/02\/1-2-768x432.jpg 768w, https:\/\/www.btaytd.org\/web\/wp-content\/uploads\/2024\/02\/1-2-1536x864.jpg 1536w, https:\/\/www.btaytd.org\/web\/wp-content\/uploads\/2024\/02\/1-2-2048x1152.jpg 2048w\" sizes=\"(max-width: 1024px) 100vw, 1024px\" \/><\/figure><\/li><li class=\"blocks-gallery-item\"><figure><img loading=\"lazy\" decoding=\"async\" width=\"1024\" height=\"576\" src=\"https:\/\/www.btaytd.org\/web\/wp-content\/uploads\/2024\/02\/3-3-1024x576.jpg\" alt=\"\" data-id=\"7626\" data-full-url=\"https:\/\/www.btaytd.org\/web\/wp-content\/uploads\/2024\/02\/3-3-scaled.jpg\" data-link=\"https:\/\/www.btaytd.org\/web\/?attachment_id=7626\" class=\"wp-image-7626\" srcset=\"https:\/\/www.btaytd.org\/web\/wp-content\/uploads\/2024\/02\/3-3-1024x576.jpg 1024w, https:\/\/www.btaytd.org\/web\/wp-content\/uploads\/2024\/02\/3-3-300x169.jpg 300w, https:\/\/www.btaytd.org\/web\/wp-content\/uploads\/2024\/02\/3-3-768x432.jpg 768w, https:\/\/www.btaytd.org\/web\/wp-content\/uploads\/2024\/02\/3-3-1536x864.jpg 1536w, https:\/\/www.btaytd.org\/web\/wp-content\/uploads\/2024\/02\/3-3-2048x1152.jpg 2048w\" sizes=\"(max-width: 1024px) 100vw, 1024px\" \/><\/figure><\/li><li class=\"blocks-gallery-item\"><figure><img loading=\"lazy\" decoding=\"async\" width=\"1024\" height=\"576\" src=\"https:\/\/www.btaytd.org\/web\/wp-content\/uploads\/2024\/02\/2-2-1024x576.jpg\" alt=\"\" data-id=\"7627\" data-full-url=\"https:\/\/www.btaytd.org\/web\/wp-content\/uploads\/2024\/02\/2-2-scaled.jpg\" data-link=\"https:\/\/www.btaytd.org\/web\/?attachment_id=7627\" class=\"wp-image-7627\" srcset=\"https:\/\/www.btaytd.org\/web\/wp-content\/uploads\/2024\/02\/2-2-1024x576.jpg 1024w, https:\/\/www.btaytd.org\/web\/wp-content\/uploads\/2024\/02\/2-2-300x169.jpg 300w, https:\/\/www.btaytd.org\/web\/wp-content\/uploads\/2024\/02\/2-2-768x432.jpg 768w, https:\/\/www.btaytd.org\/web\/wp-content\/uploads\/2024\/02\/2-2-1536x864.jpg 1536w, https:\/\/www.btaytd.org\/web\/wp-content\/uploads\/2024\/02\/2-2-2048x1152.jpg 2048w\" sizes=\"(max-width: 1024px) 100vw, 1024px\" \/><\/figure><\/li><\/ul><\/figure>\n","protected":false},"excerpt":{"rendered":"<p>Bat\u0131 Trakya Az\u0131nl\u0131\u011f\u0131 Y\u00fcksek Tahsilliler Derne\u011fi b\u00fcnyesinde faaliyetg\u00f6steren Mesleki Tan\u0131t\u0131m ve Rehberlik Kolu, 23 \u015eubat 2024 tarihinde\u00f6\u011frencilere y\u00f6nelik Ki\u015fisel Geli\u015fim At\u00f6lyeleri \u00e7er\u00e7evesinde \u201cSosyal Medya ve \u0130maj Alg\u0131s\u0131\u201d ba\u015fl\u0131kl\u0131 bir sunum ger\u00e7ekle\u015ftirdi.Fatma-Bet\u00fcl Aydo\u011fmu\u015f, H\u00fcmeyra Ka\u015fayka ve Meryem Deli Memet isimli lise son s\u0131n\u0131f \u00f6\u011frencilerinin birlikte haz\u0131rlam\u0131\u015f oldu\u011fu sunumda, sosyal medyan\u0131n imajlar \u00fczerinden gen\u00e7leri ve toplumu nas\u0131l<\/p>\n<div class=\"read-more\"><a href=\"https:\/\/www.btaytd.org\/web\/tr\/kisisel-gelisim-atolyesi-calismalarinin-besinci-oturumunda-sosyal-medya-ve-imaj-algisi-konusu-islendi\/\" title=\"Read More\">Read More<\/a><\/div>\n","protected":false},"author":8,"featured_media":7625,"comment_status":"closed","ping_status":"closed","sticky":false,"template":"","format":"standard","meta":{"footnotes":""},"categories":[94,88,62],"tags":[],"class_list":{"0":"post-7623","1":"post","2":"type-post","3":"status-publish","4":"format-standard","5":"has-post-thumbnail","7":"category-fotograflar","8":"category-haberler","9":"category-mesleki-rehberlik"},"_links":{"self":[{"href":"https:\/\/www.btaytd.org\/web\/wp-json\/wp\/v2\/posts\/7623"}],"collection":[{"href":"https:\/\/www.btaytd.org\/web\/wp-json\/wp\/v2\/posts"}],"about":[{"href":"https:\/\/www.btaytd.org\/web\/wp-json\/wp\/v2\/types\/post"}],"author":[{"embeddable":true,"href":"https:\/\/www.btaytd.org\/web\/wp-json\/wp\/v2\/users\/8"}],"replies":[{"embeddable":true,"href":"https:\/\/www.btaytd.org\/web\/wp-json\/wp\/v2\/comments?post=7623"}],"version-history":[{"count":1,"href":"https:\/\/www.btaytd.org\/web\/wp-json\/wp\/v2\/posts\/7623\/revisions"}],"predecessor-version":[{"id":7628,"href":"https:\/\/www.btaytd.org\/web\/wp-json\/wp\/v2\/posts\/7623\/revisions\/7628"}],"wp:featuredmedia":[{"embeddable":true,"href":"https:\/\/www.btaytd.org\/web\/wp-json\/wp\/v2\/media\/7625"}],"wp:attachment":[{"href":"https:\/\/www.btaytd.org\/web\/wp-json\/wp\/v2\/media?parent=7623"}],"wp:term":[{"taxonomy":"category","embeddable":true,"href":"https:\/\/www.btaytd.org\/web\/wp-json\/wp\/v2\/categories?post=7623"},{"taxonomy":"post_tag","embeddable":true,"href":"https:\/\/www.btaytd.org\/web\/wp-json\/wp\/v2\/tags?post=7623"}],"curies":[{"name":"wp","href":"https:\/\/api.w.org\/{rel}","templated":true}]}}