{"id":7819,"date":"2024-03-26T10:29:38","date_gmt":"2024-03-26T10:29:38","guid":{"rendered":"https:\/\/www.btaytd.org\/web\/?p=7819"},"modified":"2024-03-26T10:29:42","modified_gmt":"2024-03-26T10:29:42","slug":"saglikli-yasam-farkindaligi-egitimlerinin-ucuncu-oturum-gerceklesti","status":"publish","type":"post","link":"https:\/\/www.btaytd.org\/web\/tr\/saglikli-yasam-farkindaligi-egitimlerinin-ucuncu-oturum-gerceklesti\/","title":{"rendered":"SA\u011eLIKLI YA\u015eAM FARKINDALI\u011eI E\u011e\u0130T\u0130MLER\u0130N\u0130N \u00dc\u00c7\u00dcNC\u00dc OTURUM GER\u00c7EKLE\u015eT\u0130"},"content":{"rendered":"\n<p>Bat\u0131 Trakya Az\u0131nl\u0131\u011f\u0131 Y\u00fcksek Tahsilliler Derne\u011fi b\u00fcnyesinde faaliyet g\u00f6steren Mesleki Tan\u0131t\u0131m ve Rehberlik Kolu, 22 Mart 2024 Cuma g\u00fcn\u00fc \u00f6\u011frencilere y\u00f6nelik \u201cSanat\u0131n \u0130yile\u015ftirici G\u00fcc\u00fc\u201d ba\u015fl\u0131kl\u0131 bir e\u011fitim program\u0131 ger\u00e7ekle\u015ftirdi.<\/p>\n\n\n\n<p>Konu\u015fmac\u0131 olarak programa TO\u00c7EK Y\u00f6netmeni \u015e\u00fckran Raif ve M\u00fczik \u00f6\u011fretmeni Batuhan Hasan kat\u0131ld\u0131. \u0130lk olarak sn. \u015e\u00fckran Raif tiyatronun ki\u015filik yap\u0131s\u0131na etkisiyle ilgili konu\u015fmas\u0131na ba\u015flad\u0131. Tiyatronun sosyal ya\u015famdaki ba\u015far\u0131ya etkisine de\u011finen konu\u015fmac\u0131, demokratik bir ortam\u0131n bilincini ya\u015famaktaki sorumluluk duygusu, disiplin anlay\u0131\u015f\u0131, empatik yakla\u015f\u0131m, kendi k\u00fclt\u00fcr\u00fcn\u00fc ve d\u00fcnya k\u00fclt\u00fcr\u00fcn\u00fc tan\u0131madaki yard\u0131mlar\u0131ndan bahsetti. Tiyatronun ana dil geli\u015fimi \u00fczerindeki \u00f6nemi vurgulad\u0131. \u0130zleyici ve oyunculara tiyatronun katt\u0131klar\u0131 ve adeta toplumsal bir terapi oldu\u011fu y\u00f6n\u00fcnden bahsederek konu\u015fmas\u0131n\u0131 sonland\u0131rd\u0131.<\/p>\n\n\n\n<p>Di\u011fer konu\u015fmac\u0131 sn. Batuhan Hasan \u201cM\u00fczi\u011fin iyile\u015ftirici g\u00fcc\u00fc\u201d ba\u015fl\u0131\u011f\u0131 alt\u0131nda konu\u015fmas\u0131na ba\u015flad\u0131. M\u00fczi\u011fin tedavi g\u00fcc\u00fcn\u00fcn 6 bin y\u0131l \u00f6ncesine dayand\u0131\u011f\u0131n\u0131 ve tarih boyunca \u015fifa maksatl\u0131 kulland\u0131\u011f\u0131ndan bahsetti. M\u00fczikle tedavinin geli\u015fim d\u00f6neminde m\u00fczi\u011fin yan\u0131na su sesi ve g\u00fczel kokularla tedavi eklenerek devam etti\u011fini belirtti. Devam\u0131nda \u00fcnl\u00fc filozoflar\u0131n m\u00fczik hakk\u0131ndaki d\u00fc\u015f\u00fcncelerine de\u011findi. Son olarak tedavi edilirken dinletilen m\u00fcziklerin makamlar\u0131 ve \u00e7e\u015fitli duygular\u0131 etkileyebilecek makamlara \u00f6rnekler vererek konu\u015fmas\u0131n\u0131 sonland\u0131rd\u0131.<\/p>\n\n\n\n<figure class=\"wp-block-gallery columns-2 is-cropped wp-block-gallery-1 is-layout-flex wp-block-gallery-is-layout-flex\"><ul class=\"blocks-gallery-grid\"><li class=\"blocks-gallery-item\"><figure><img loading=\"lazy\" decoding=\"async\" width=\"1024\" height=\"576\" src=\"https:\/\/www.btaytd.org\/web\/wp-content\/uploads\/2024\/03\/2-2-1-1024x576.jpg\" alt=\"\" data-id=\"7821\" data-link=\"https:\/\/www.btaytd.org\/web\/?attachment_id=7821\" class=\"wp-image-7821\" srcset=\"https:\/\/www.btaytd.org\/web\/wp-content\/uploads\/2024\/03\/2-2-1-1024x576.jpg 1024w, https:\/\/www.btaytd.org\/web\/wp-content\/uploads\/2024\/03\/2-2-1-300x169.jpg 300w, https:\/\/www.btaytd.org\/web\/wp-content\/uploads\/2024\/03\/2-2-1-768x432.jpg 768w, https:\/\/www.btaytd.org\/web\/wp-content\/uploads\/2024\/03\/2-2-1-1536x865.jpg 1536w, https:\/\/www.btaytd.org\/web\/wp-content\/uploads\/2024\/03\/2-2-1-2048x1153.jpg 2048w\" sizes=\"(max-width: 1024px) 100vw, 1024px\" \/><\/figure><\/li><li class=\"blocks-gallery-item\"><figure><img loading=\"lazy\" decoding=\"async\" width=\"1024\" height=\"576\" src=\"https:\/\/www.btaytd.org\/web\/wp-content\/uploads\/2024\/03\/3-3-1-1024x576.jpg\" alt=\"\" data-id=\"7822\" data-full-url=\"https:\/\/www.btaytd.org\/web\/wp-content\/uploads\/2024\/03\/3-3-1.jpg\" data-link=\"https:\/\/www.btaytd.org\/web\/?attachment_id=7822\" class=\"wp-image-7822\" srcset=\"https:\/\/www.btaytd.org\/web\/wp-content\/uploads\/2024\/03\/3-3-1-1024x576.jpg 1024w, https:\/\/www.btaytd.org\/web\/wp-content\/uploads\/2024\/03\/3-3-1-300x169.jpg 300w, https:\/\/www.btaytd.org\/web\/wp-content\/uploads\/2024\/03\/3-3-1-768x432.jpg 768w, https:\/\/www.btaytd.org\/web\/wp-content\/uploads\/2024\/03\/3-3-1-1536x865.jpg 1536w, https:\/\/www.btaytd.org\/web\/wp-content\/uploads\/2024\/03\/3-3-1-2048x1153.jpg 2048w\" sizes=\"(max-width: 1024px) 100vw, 1024px\" \/><\/figure><\/li><\/ul><\/figure>\n","protected":false},"excerpt":{"rendered":"<p>Bat\u0131 Trakya Az\u0131nl\u0131\u011f\u0131 Y\u00fcksek Tahsilliler Derne\u011fi b\u00fcnyesinde faaliyet g\u00f6steren Mesleki Tan\u0131t\u0131m ve Rehberlik Kolu, 22 Mart 2024 Cuma g\u00fcn\u00fc \u00f6\u011frencilere y\u00f6nelik \u201cSanat\u0131n \u0130yile\u015ftirici G\u00fcc\u00fc\u201d ba\u015fl\u0131kl\u0131 bir e\u011fitim program\u0131 ger\u00e7ekle\u015ftirdi. Konu\u015fmac\u0131 olarak programa TO\u00c7EK Y\u00f6netmeni \u015e\u00fckran Raif ve M\u00fczik \u00f6\u011fretmeni Batuhan Hasan kat\u0131ld\u0131. \u0130lk olarak sn. \u015e\u00fckran Raif tiyatronun ki\u015filik yap\u0131s\u0131na etkisiyle ilgili konu\u015fmas\u0131na ba\u015flad\u0131. Tiyatronun<\/p>\n<div class=\"read-more\"><a href=\"https:\/\/www.btaytd.org\/web\/tr\/saglikli-yasam-farkindaligi-egitimlerinin-ucuncu-oturum-gerceklesti\/\" title=\"Read More\">Read More<\/a><\/div>\n","protected":false},"author":8,"featured_media":7820,"comment_status":"closed","ping_status":"closed","sticky":false,"template":"","format":"standard","meta":{"footnotes":""},"categories":[44,94,88,62],"tags":[],"class_list":{"0":"post-7819","1":"post","2":"type-post","3":"status-publish","4":"format-standard","5":"has-post-thumbnail","7":"category-alt-kurullar","8":"category-fotograflar","9":"category-haberler","10":"category-mesleki-rehberlik"},"_links":{"self":[{"href":"https:\/\/www.btaytd.org\/web\/wp-json\/wp\/v2\/posts\/7819"}],"collection":[{"href":"https:\/\/www.btaytd.org\/web\/wp-json\/wp\/v2\/posts"}],"about":[{"href":"https:\/\/www.btaytd.org\/web\/wp-json\/wp\/v2\/types\/post"}],"author":[{"embeddable":true,"href":"https:\/\/www.btaytd.org\/web\/wp-json\/wp\/v2\/users\/8"}],"replies":[{"embeddable":true,"href":"https:\/\/www.btaytd.org\/web\/wp-json\/wp\/v2\/comments?post=7819"}],"version-history":[{"count":1,"href":"https:\/\/www.btaytd.org\/web\/wp-json\/wp\/v2\/posts\/7819\/revisions"}],"predecessor-version":[{"id":7823,"href":"https:\/\/www.btaytd.org\/web\/wp-json\/wp\/v2\/posts\/7819\/revisions\/7823"}],"wp:featuredmedia":[{"embeddable":true,"href":"https:\/\/www.btaytd.org\/web\/wp-json\/wp\/v2\/media\/7820"}],"wp:attachment":[{"href":"https:\/\/www.btaytd.org\/web\/wp-json\/wp\/v2\/media?parent=7819"}],"wp:term":[{"taxonomy":"category","embeddable":true,"href":"https:\/\/www.btaytd.org\/web\/wp-json\/wp\/v2\/categories?post=7819"},{"taxonomy":"post_tag","embeddable":true,"href":"https:\/\/www.btaytd.org\/web\/wp-json\/wp\/v2\/tags?post=7819"}],"curies":[{"name":"wp","href":"https:\/\/api.w.org\/{rel}","templated":true}]}}